{"id":154796,"date":"2022-08-12T15:44:36","date_gmt":"2022-08-12T19:44:36","guid":{"rendered":"https:\/\/linitiative.ca\/International\/sekou-koureissy-conde-homme-politique-guineen-les-populations-conscientes-et-consciencieuses-sont-plus-fortes-que-1000-armees-reunies\/"},"modified":"2022-08-12T15:44:36","modified_gmt":"2022-08-12T19:44:36","slug":"sekou-koureissy-conde-homme-politique-guineen-les-populations-conscientes-et-consciencieuses-sont-plus-fortes-que-1000-armees-reunies","status":"publish","type":"post","link":"https:\/\/linitiative.ca\/International\/sekou-koureissy-conde-homme-politique-guineen-les-populations-conscientes-et-consciencieuses-sont-plus-fortes-que-1000-armees-reunies\/","title":{"rendered":"SEKOU KOUREISSY CONDE, HOMME POLITIQUE GUINEEN : \u00ab\u00a0Les populations conscientes et consciencieuses sont plus fortes que 1000 arm\u00e9es r\u00e9unies\u00a0\u00bb"},"content":{"rendered":"<div>\n<p><img loading=\"lazy\" decoding=\"async\" width=\"720\" height=\"1080\" src=\"https:\/\/linitiative.ca\/International\/wp-content\/uploads\/sites\/23\/2022\/08\/SEKOU.jpg\" class=\"attachment- size- wp-post-image\" alt=\"\" style=\"float:left; margin:0 15px 15px 0;\" srcset=\"https:\/\/linitiative.ca\/International\/wp-content\/uploads\/sites\/23\/2022\/08\/SEKOU.jpg 720w, https:\/\/lepays.bf\/wp-content\/uploads\/2022\/08\/SEKOU-200x300.jpg 200w, https:\/\/lepays.bf\/wp-content\/uploads\/2022\/08\/SEKOU-683x1024.jpg 683w, https:\/\/lepays.bf\/wp-content\/uploads\/2022\/08\/SEKOU-100x150.jpg 100w\" sizes=\"auto, (max-width: 720px) 100vw, 720px\">Il est le Directeur ex\u00e9cutif du Cabinet panafricain African Crisis Group, un cabinet conseil qui \u0153uvre dans le domaine de la pr\u00e9vention, la r\u00e9solution des conflits, la m\u00e9diation et la construction du dialogue, en un mot, qui fait de la r\u00e9conciliation son cheval de bataille. [\u2026]<\/p>\n<p>L\u2019article <a rel=\"nofollow\" href=\"https:\/\/lepays.bf\/sekou-koureissy-conde-homme-politique-guineen-les-populations-conscientes-et-consciencieuses-sont-plus-fortes-que-1000-armees-reunies\/\">SEKOU KOUREISSY CONDE, HOMME POLITIQUE GUINEEN : \u00ab\u00a0Les populations conscientes et consciencieuses sont plus fortes que 1000 arm\u00e9es r\u00e9unies\u00a0\u00bb<\/a> est apparu en premier sur <a rel=\"nofollow\" href=\"https:\/\/lepays.bf\/\">Editions Le Pays<\/a>.<\/p>\n<\/div>\n<p>Auteur: Editions LEPAYS<br \/>\n<a href=\"https:\/\/lepays.bf\/sekou-koureissy-conde-homme-politique-guineen-les-populations-conscientes-et-consciencieuses-sont-plus-fortes-que-1000-armees-reunies\/\">Cliquez ici pour lire l&rsquo;article depuis sa source.<\/a><\/p>\n","protected":false},"excerpt":{"rendered":"<p>Il est le Directeur ex\u00e9cutif du Cabinet panafricain African Crisis Group, un cabinet conseil qui \u0153uvre dans le domaine de la pr\u00e9vention, la r\u00e9solution des conflits, la m\u00e9diation et la construction du dialogue, en un mot, qui fait de la r\u00e9conciliation son cheval de bataille. [\u2026] L\u2019article SEKOU KOUREISSY CONDE, HOMME POLITIQUE GUINEEN : \u00ab\u00a0Les [&hellip;]<\/p>\n","protected":false},"author":1813,"featured_media":0,"comment_status":"closed","ping_status":"closed","sticky":false,"template":"","format":"standard","meta":{"fifu_image_url":"https:\/\/lepays.bf\/wp-content\/uploads\/2022\/08\/SEKOU.jpg","fifu_image_alt":"SEKOU KOUREISSY CONDE, HOMME POLITIQUE GUINEEN : \u00ab\u00a0Les populations conscientes et consciencieuses sont plus fortes que 1000 arm\u00e9es r\u00e9unies\u00a0\u00bb","footnotes":""},"categories":[73,81],"tags":[],"class_list":["post-154796","post","type-post","status-publish","format-standard","hentry","category-actualite","category-burkina-faso"],"_links":{"self":[{"href":"https:\/\/linitiative.ca\/International\/wp-json\/wp\/v2\/posts\/154796","targetHints":{"allow":["GET"]}}],"collection":[{"href":"https:\/\/linitiative.ca\/International\/wp-json\/wp\/v2\/posts"}],"about":[{"href":"https:\/\/linitiative.ca\/International\/wp-json\/wp\/v2\/types\/post"}],"author":[{"embeddable":true,"href":"https:\/\/linitiative.ca\/International\/wp-json\/wp\/v2\/users\/1813"}],"replies":[{"embeddable":true,"href":"https:\/\/linitiative.ca\/International\/wp-json\/wp\/v2\/comments?post=154796"}],"version-history":[{"count":0,"href":"https:\/\/linitiative.ca\/International\/wp-json\/wp\/v2\/posts\/154796\/revisions"}],"wp:attachment":[{"href":"https:\/\/linitiative.ca\/International\/wp-json\/wp\/v2\/media?parent=154796"}],"wp:term":[{"taxonomy":"category","embeddable":true,"href":"https:\/\/linitiative.ca\/International\/wp-json\/wp\/v2\/categories?post=154796"},{"taxonomy":"post_tag","embeddable":true,"href":"https:\/\/linitiative.ca\/International\/wp-json\/wp\/v2\/tags?post=154796"}],"curies":[{"name":"wp","href":"https:\/\/api.w.org\/{rel}","templated":true}]}}