{"id":154800,"date":"2022-08-11T18:26:34","date_gmt":"2022-08-11T22:26:34","guid":{"rendered":"https:\/\/linitiative.ca\/International\/semaine-de-securite-routiere-des-casques-offerts-a-des-usagers\/"},"modified":"2022-08-11T18:26:34","modified_gmt":"2022-08-11T22:26:34","slug":"semaine-de-securite-routiere-des-casques-offerts-a-des-usagers","status":"publish","type":"post","link":"https:\/\/linitiative.ca\/International\/semaine-de-securite-routiere-des-casques-offerts-a-des-usagers\/","title":{"rendered":"Semaine de s\u00e9curit\u00e9 routi\u00e8re : des casques offerts \u00e0 des usagers"},"content":{"rendered":"<div>\n<p><strong>Le minist\u00e8re des Transports, de la Mobilit\u00e9 urbaine et de la S\u00e9curit\u00e9 routi\u00e8re a organis\u00e9 une s\u00e9ance de sensibilisation sur la s\u00e9curit\u00e9 routi\u00e8re, le jeudi 11 ao\u00fbt 2022, au rond-point de la Jeunesse de Tampouy, \u00e0 Ouagadougou. A l\u2019occasion, des casques ont \u00e9t\u00e9 remis \u00e0 des usagers.<\/strong><\/p>\n<p>Conform\u00e9ment au chronogramme des activit\u00e9s de la semaine d\u00e9di\u00e9e \u00e0 la s\u00e9curit\u00e9 routi\u00e8re, lanc\u00e9es le 9 ao\u00fbt 2022, le minist\u00e8re des Transports, de la Mobilit\u00e9 urbaine et de la S\u00e9curit\u00e9 routi\u00e8re a organis\u00e9 une s\u00e9ance de sensibilisation des usagers de la route sur la n\u00e9cessit\u00e9 du port du casque, le jeudi 11 ao\u00fbt 2022, au rond-point de la Jeunesse de Tampouy, \u00e0 Ouagadougou. Selon le ministre de tutelle, Mahamoudou Zampaligr\u00e9, les desseins de la journ\u00e9e sont d\u2019am\u00e9liorer la s\u00e9curit\u00e9 routi\u00e8re, sensibiliser, informer et \u00e9duquer la population aux bonnes pratiques en mati\u00e8re de s\u00e9curit\u00e9 routi\u00e8re, singuli\u00e8rement sur le port du casque. Il a indiqu\u00e9 que plusieurs raisons expliquent cette initiative dont les plus frappantes sont les morts, les traumatismes cr\u00e2niens et les r\u00eaves bris\u00e9s caus\u00e9s par les accidents de la route. Pour lui, le Burkina Faso fait face \u00e0 d\u2019\u00e9normes d\u00e9fis mais la question de la s\u00e9curit\u00e9 routi\u00e8re est une probl\u00e9matique essentielle \u00e0 laquelle tous les acteurs doivent s\u2019attaquer. Le ministre en charge des transports a soulign\u00e9 que le constat dans cette matin\u00e9e est que beaucoup de \u00ab Ouagavillois \u00bb ne portent pas le casque et ne poss\u00e8dent pas de r\u00e9troviseurs sur leurs engins. Alors que ce sont, selon lui, des instruments essentiels pour la protection de tout usager de la route. Pour Mahamoudou Zampaligr\u00e9, avec l\u2019approche et la strat\u00e9gie qui seront adopt\u00e9es dans les jours ou mois \u00e0 venir, le Burkinab\u00e8 acceptera de se prot\u00e9ger lorsqu\u2019il enfourchera sa moto.<\/p>\n<h2><strong>Un combat de longue haleine<\/strong><\/h2>\n<figure id=\"attachment_53385\" aria-describedby=\"caption-attachment-53385\" style=\"width: 300px\" class=\"wp-caption alignleft\"><img loading=\"lazy\" decoding=\"async\" data-attachment-id=\"53385\" data-permalink=\"https:\/\/www.sidwaya.info\/blog\/2022\/08\/11\/semaine-de-securite-routiere-des-casques-offerts-a-des-usagers\/2-863\/\" data-orig-file=\"https:\/\/i0.wp.com\/www.sidwaya.info\/wp-content\/uploads\/2022\/08\/2-8.jpg?fit=595%2C344&amp;ssl=1\" data-orig-size=\"595,344\" data-comments-opened=\"1\" data-image-meta='{\"aperture\":\"0\",\"credit\":\"\",\"camera\":\"\",\"caption\":\"\",\"created_timestamp\":\"0\",\"copyright\":\"\",\"focal_length\":\"0\",\"iso\":\"0\",\"shutter_speed\":\"0\",\"title\":\"\",\"orientation\":\"1\"}' data-image-title=\"2\" data-image-description=\"\" data-image-caption=\"\" data-medium-file=\"https:\/\/i0.wp.com\/www.sidwaya.info\/wp-content\/uploads\/2022\/08\/2-8.jpg?fit=300%2C173&amp;ssl=1\" data-large-file=\"https:\/\/i0.wp.com\/www.sidwaya.info\/wp-content\/uploads\/2022\/08\/2-8.jpg?fit=595%2C344&amp;ssl=1\" class=\"wp-image-53385 size-medium\" src=\"https:\/\/i0.wp.com\/www.sidwaya.info\/wp-content\/uploads\/2022\/08\/2-8.jpg?resize=300,173&amp;ssl=1\" alt=\"\" width=\"300\" height=\"173\" srcset=\"https:\/\/i0.wp.com\/www.sidwaya.info\/wp-content\/uploads\/2022\/08\/2-8.jpg?resize=300,173&amp;ssl=1 300w, https:\/\/i0.wp.com\/www.sidwaya.info\/wp-content\/uploads\/2022\/08\/2-8.jpg?resize=150%2C87&amp;ssl=1 150w, https:\/\/i0.wp.com\/www.sidwaya.info\/wp-content\/uploads\/2022\/08\/2-8.jpg?w=595&amp;ssl=1 595w\" sizes=\"auto, (max-width: 300px) 100vw, 300px\" data-recalc-dims=\"1\"><figcaption id=\"caption-attachment-53385\" class=\"wp-caption-text\">La b\u00e9n\u00e9ficiaire Salamata Sawadogo (gauche) a promis de sensibiliser ses proches.<\/figcaption><\/figure>\n<p>En remettant des casques aux usagers, M. Zampaligr\u00e9 a rappel\u00e9 \u00e0 ces derniers l\u2019importance du port du casque et les a conseill\u00e9s de s\u2019en munir \u00e0 chaque sortie \u00e0 moto pour se prot\u00e9ger. Il leur a signifi\u00e9 que le non port du casque peut causer d\u2019\u00e9normes cons\u00e9quences n\u00e9fastes et m\u00eame la mort. Il a ajout\u00e9 qu\u2019au-del\u00e0 de toutes ces cons\u00e9quences, le casque prot\u00e8ge contre la poussi\u00e8re donc contre d\u2019\u00e9ventuelles maladies. M. Zampaligr\u00e9 a invit\u00e9 l\u2019ensemble des usagers \u00e0 passer le message \u00e0 leur entourage. \u00ab Vous devez passer le message \u00e0 vos amis, vos fr\u00e8res, vos compagnes, votre famille, vos coll\u00e8gues, dans les mosqu\u00e9es, les \u00e9glises et \u00e0 toutes vos connaissances pour les prot\u00e9ger \u00bb, a-t-il rench\u00e9ri. L\u2019initiative a \u00e9t\u00e9 bien accueillie par des usagers. C\u2019est le cas de Sayouba Ou\u00e9draogo qui a indiqu\u00e9 que donner les casques aux usagers est une belle approche de la part du gouvernement. Toutefois, les autorit\u00e9s devraient, selon lui, donner le temps aux usagers de s\u2019en procurer.<\/p>\n<p>Soumaila Ou\u00e9draogo, quant \u00e0 lui, a affirm\u00e9 que cet acte le comblait de bonheur, du fait qu\u2019il avait un casque mais qui, malheureusement, s\u2019est cass\u00e9. Dor\u00e9navant, a-t-il promis, \u00ab je le porterai \u00e0 chaque fois que j\u2019enfourcherai mon engin \u00bb. Salamata Sawadogo a soulign\u00e9 que cette action est salutaire et permettra de r\u00e9duire les risques lors des accidents. Elle a promis de sensibiliser les autres. Casque sur la t\u00eate, Oumou Ou\u00e9draogo a confi\u00e9 qu\u2019elle s\u2019en sert depuis cinq ans. A l\u2019\u00e9couter, elle pr\u00e9voyait en acheter pour ses deux enfants. Le secr\u00e9taire g\u00e9n\u00e9ral du minist\u00e8re en charge du transport, Jean-Claude Zongo, a rappel\u00e9 qu\u2019il est parfois difficile de soigner ou de se remettre d\u2019une blessure \u00e0 la t\u00eate, contrairement \u00e0 d\u2019autres types de blessures. \u00ab Ce travail de s\u00e9curisation routi\u00e8re est un combat de longue haleine. Le constat est que sur 20 usagers, un seul porte un casque et le souhait est que dans dix ans, on d\u00e9nombre chez ces derniers, 18 ou plus qui se prot\u00e8gent la t\u00eate \u00bb, a-t-il ajout\u00e9. Le Directeur g\u00e9n\u00e9ral (DG) par int\u00e9rim de l\u2019Office national de de la s\u00e9curit\u00e9 routi\u00e8re (ONASER), Aboubacar Fofana, a d\u00e9clar\u00e9 que les objectifs assign\u00e9s pour cette journ\u00e9e de sensibilisation ont \u00e9t\u00e9 atteints. La suite des activit\u00e9s, selon le DG, est l\u2019organisation de s\u00e9ances d\u2019a\u00e9robic, des cross populaires et une caravane sur le port du casque dans les jours \u00e0 venir. Cela sera, \u00e0 ses dires, une occasion de sensibiliser les citoyens surtout les jeunes, qui constituent la cible la plus concern\u00e9e et impliqu\u00e9e dans les accidents de la route.<\/p>\n<p style=\"text-align: right\"><strong> Moubaract KIEKIETA <\/strong><\/p>\n<p style=\"text-align: right\"><strong>Nadia SANA (Stagiaires) <\/strong><\/p>\n<\/div>\n<p>Auteur: JK. Sidwaya<br \/>\n<a href=\"https:\/\/www.sidwaya.info\/blog\/2022\/08\/11\/semaine-de-securite-routiere-des-casques-offerts-a-des-usagers\/\">Cliquez ici pour lire l&rsquo;article depuis sa source.<\/a><\/p>\n","protected":false},"excerpt":{"rendered":"<p>Le minist\u00e8re des Transports, de la Mobilit\u00e9 urbaine et de la S\u00e9curit\u00e9 routi\u00e8re a organis\u00e9 une s\u00e9ance de sensibilisation sur la s\u00e9curit\u00e9 routi\u00e8re, le jeudi 11 ao\u00fbt 2022, au rond-point de la Jeunesse de Tampouy, \u00e0 Ouagadougou. A l\u2019occasion, des casques ont \u00e9t\u00e9 remis \u00e0 des usagers. Conform\u00e9ment au chronogramme des activit\u00e9s de la semaine [&hellip;]<\/p>\n","protected":false},"author":1816,"featured_media":0,"comment_status":"closed","ping_status":"closed","sticky":false,"template":"","format":"standard","meta":{"fifu_image_url":"https:\/\/i0.wp.com\/www.sidwaya.info\/wp-content\/uploads\/2022\/08\/2-8.jpg?resize=300,173&ssl=1","fifu_image_alt":"Semaine de s\u00e9curit\u00e9 routi\u00e8re : des casques offerts \u00e0 des usagers","footnotes":""},"categories":[73,81],"tags":[],"class_list":["post-154800","post","type-post","status-publish","format-standard","hentry","category-actualite","category-burkina-faso"],"_links":{"self":[{"href":"https:\/\/linitiative.ca\/International\/wp-json\/wp\/v2\/posts\/154800","targetHints":{"allow":["GET"]}}],"collection":[{"href":"https:\/\/linitiative.ca\/International\/wp-json\/wp\/v2\/posts"}],"about":[{"href":"https:\/\/linitiative.ca\/International\/wp-json\/wp\/v2\/types\/post"}],"author":[{"embeddable":true,"href":"https:\/\/linitiative.ca\/International\/wp-json\/wp\/v2\/users\/1816"}],"replies":[{"embeddable":true,"href":"https:\/\/linitiative.ca\/International\/wp-json\/wp\/v2\/comments?post=154800"}],"version-history":[{"count":0,"href":"https:\/\/linitiative.ca\/International\/wp-json\/wp\/v2\/posts\/154800\/revisions"}],"wp:attachment":[{"href":"https:\/\/linitiative.ca\/International\/wp-json\/wp\/v2\/media?parent=154800"}],"wp:term":[{"taxonomy":"category","embeddable":true,"href":"https:\/\/linitiative.ca\/International\/wp-json\/wp\/v2\/categories?post=154800"},{"taxonomy":"post_tag","embeddable":true,"href":"https:\/\/linitiative.ca\/International\/wp-json\/wp\/v2\/tags?post=154800"}],"curies":[{"name":"wp","href":"https:\/\/api.w.org\/{rel}","templated":true}]}}