{"id":154801,"date":"2022-08-12T06:34:33","date_gmt":"2022-08-12T10:34:33","guid":{"rendered":"https:\/\/linitiative.ca\/International\/banwa-la-police-et-la-gendarmerie-de-solenzo-attaquees\/"},"modified":"2022-08-12T06:34:33","modified_gmt":"2022-08-12T10:34:33","slug":"banwa-la-police-et-la-gendarmerie-de-solenzo-attaquees","status":"publish","type":"post","link":"https:\/\/linitiative.ca\/International\/banwa-la-police-et-la-gendarmerie-de-solenzo-attaquees\/","title":{"rendered":"\u00a0Banwa: la police et la gendarmerie de Solenzo attaqu\u00e9es"},"content":{"rendered":"<div>\n<p>Une attaque terroriste a \u00e9t\u00e9 perp\u00e9tr\u00e9e dans la nuit du jeudi 11 \u00e0 vendredi 12 ao\u00fbt contre la gendarmerie et la police de Solenzo.<\/p>\n<p>Au tour de 21h de ce jeudi des coups de feu se font entendre au c\u00f4t\u00e9 Est de la ville. Apr\u00e8s v\u00e9rification il ressort que ce sont des tirs de sommation car l\u2019alerte est imminente.<\/p>\n<p>Les tirs ont continu\u00e9 et c\u2019est au tour de 22h qu\u2019une d\u00e9tonation a \u00e9t\u00e9 entendue vers la gendarmerie et \u00e9galement vers la police de Solenzo.<\/p>\n<p>La coupure de courant a plong\u00e9 encore la ville dans une psychose totale.<\/p>\n<p>Selon des informations ils seraient venus sur des motos Apsonic.<\/p>\n<p>Selon les sources locales, la gendarmerie a \u00e9t\u00e9 dynamit\u00e9e et aussi des locaux de la police ont subi le m\u00eame sort.<\/p>\n<p>Sidwaya info<\/p>\n<\/div>\n<p>Auteur: BS. Sidwaya<br \/>\n<a href=\"https:\/\/www.sidwaya.info\/blog\/2022\/08\/12\/banwa-la-police-et-la-gendarmerie-de-solenzo-attaquees\/\">Cliquez ici pour lire l&rsquo;article depuis sa source.<\/a><\/p>\n","protected":false},"excerpt":{"rendered":"<p>Une attaque terroriste a \u00e9t\u00e9 perp\u00e9tr\u00e9e dans la nuit du jeudi 11 \u00e0 vendredi 12 ao\u00fbt contre la gendarmerie et la police de Solenzo. Au tour de 21h de ce jeudi des coups de feu se font entendre au c\u00f4t\u00e9 Est de la ville. Apr\u00e8s v\u00e9rification il ressort que ce sont des tirs de sommation [&hellip;]<\/p>\n","protected":false},"author":1816,"featured_media":0,"comment_status":"closed","ping_status":"closed","sticky":false,"template":"","format":"standard","meta":{"fifu_image_url":"","fifu_image_alt":"","footnotes":""},"categories":[73,81],"tags":[],"class_list":["post-154801","post","type-post","status-publish","format-standard","hentry","category-actualite","category-burkina-faso"],"_links":{"self":[{"href":"https:\/\/linitiative.ca\/International\/wp-json\/wp\/v2\/posts\/154801","targetHints":{"allow":["GET"]}}],"collection":[{"href":"https:\/\/linitiative.ca\/International\/wp-json\/wp\/v2\/posts"}],"about":[{"href":"https:\/\/linitiative.ca\/International\/wp-json\/wp\/v2\/types\/post"}],"author":[{"embeddable":true,"href":"https:\/\/linitiative.ca\/International\/wp-json\/wp\/v2\/users\/1816"}],"replies":[{"embeddable":true,"href":"https:\/\/linitiative.ca\/International\/wp-json\/wp\/v2\/comments?post=154801"}],"version-history":[{"count":0,"href":"https:\/\/linitiative.ca\/International\/wp-json\/wp\/v2\/posts\/154801\/revisions"}],"wp:attachment":[{"href":"https:\/\/linitiative.ca\/International\/wp-json\/wp\/v2\/media?parent=154801"}],"wp:term":[{"taxonomy":"category","embeddable":true,"href":"https:\/\/linitiative.ca\/International\/wp-json\/wp\/v2\/categories?post=154801"},{"taxonomy":"post_tag","embeddable":true,"href":"https:\/\/linitiative.ca\/International\/wp-json\/wp\/v2\/tags?post=154801"}],"curies":[{"name":"wp","href":"https:\/\/api.w.org\/{rel}","templated":true}]}}