{"id":154802,"date":"2022-08-12T07:36:11","date_gmt":"2022-08-12T11:36:11","guid":{"rendered":"https:\/\/linitiative.ca\/International\/attaque-terroriste-dans-la-province-du-bam-larabie-saoudite-solidaire-du-burkina\/"},"modified":"2022-08-12T07:36:11","modified_gmt":"2022-08-12T11:36:11","slug":"attaque-terroriste-dans-la-province-du-bam-larabie-saoudite-solidaire-du-burkina","status":"publish","type":"post","link":"https:\/\/linitiative.ca\/International\/attaque-terroriste-dans-la-province-du-bam-larabie-saoudite-solidaire-du-burkina\/","title":{"rendered":"Attaque terroriste dans la province du Bam L\u2019Arabie saoudite solidaire du Burkina"},"content":{"rendered":"<div>\n<p>Le minist\u00e8re des Affaires \u00e9trang\u00e8res exprime sa ferme condamnation et son indignation de l\u2019attaque terroriste survenu le mardi 08\/09\/2022 dans la province du Bam, au nord du Burkina Faso, qui a caus\u00e9 la mort de 15 des forces de d\u00e9fense et de s\u00e9curit\u00e9 et des bless\u00e9s.<\/p>\n<p>Le ministre adresse ses condol\u00e9ances et sa compassion aux familles des victimes ainsi qu\u2019au gouvernement et au peuple du Burkina Faso et ses v\u0153ux de prompt r\u00e9tablissement aux bless\u00e9s.<\/p>\n<p>Le ministre r\u00e9it\u00e9r\u00e9 la position du Royaume d\u2019Arabie Saoudite rejetant la violence et l\u2019extr\u00e9misme sous toutes ses formes, m\u00e9thodes et motifs.<\/p>\n<p><strong>Minist\u00e8re des Affaires \u00e9trang\u00e8res de l\u2019Arabie Saoudite<\/strong><\/p>\n<\/div>\n<p>Auteur: BS. Sidwaya<br \/>\n<a href=\"https:\/\/www.sidwaya.info\/blog\/2022\/08\/12\/attaque-terroriste-dans-la-province-du-bam-larabie-saoudite-solidaire-du-burkina\/\">Cliquez ici pour lire l&rsquo;article depuis sa source.<\/a><\/p>\n","protected":false},"excerpt":{"rendered":"<p>Le minist\u00e8re des Affaires \u00e9trang\u00e8res exprime sa ferme condamnation et son indignation de l\u2019attaque terroriste survenu le mardi 08\/09\/2022 dans la province du Bam, au nord du Burkina Faso, qui a caus\u00e9 la mort de 15 des forces de d\u00e9fense et de s\u00e9curit\u00e9 et des bless\u00e9s. Le ministre adresse ses condol\u00e9ances et sa compassion aux [&hellip;]<\/p>\n","protected":false},"author":1816,"featured_media":0,"comment_status":"closed","ping_status":"closed","sticky":false,"template":"","format":"standard","meta":{"fifu_image_url":"","fifu_image_alt":"","footnotes":""},"categories":[73,81],"tags":[],"class_list":["post-154802","post","type-post","status-publish","format-standard","hentry","category-actualite","category-burkina-faso"],"_links":{"self":[{"href":"https:\/\/linitiative.ca\/International\/wp-json\/wp\/v2\/posts\/154802","targetHints":{"allow":["GET"]}}],"collection":[{"href":"https:\/\/linitiative.ca\/International\/wp-json\/wp\/v2\/posts"}],"about":[{"href":"https:\/\/linitiative.ca\/International\/wp-json\/wp\/v2\/types\/post"}],"author":[{"embeddable":true,"href":"https:\/\/linitiative.ca\/International\/wp-json\/wp\/v2\/users\/1816"}],"replies":[{"embeddable":true,"href":"https:\/\/linitiative.ca\/International\/wp-json\/wp\/v2\/comments?post=154802"}],"version-history":[{"count":0,"href":"https:\/\/linitiative.ca\/International\/wp-json\/wp\/v2\/posts\/154802\/revisions"}],"wp:attachment":[{"href":"https:\/\/linitiative.ca\/International\/wp-json\/wp\/v2\/media?parent=154802"}],"wp:term":[{"taxonomy":"category","embeddable":true,"href":"https:\/\/linitiative.ca\/International\/wp-json\/wp\/v2\/categories?post=154802"},{"taxonomy":"post_tag","embeddable":true,"href":"https:\/\/linitiative.ca\/International\/wp-json\/wp\/v2\/tags?post=154802"}],"curies":[{"name":"wp","href":"https:\/\/api.w.org\/{rel}","templated":true}]}}