{"id":154804,"date":"2022-08-12T12:09:37","date_gmt":"2022-08-12T16:09:37","guid":{"rendered":"https:\/\/linitiative.ca\/International\/cameroun-118-etablissements-scolaires-prives-fermes\/"},"modified":"2022-08-12T12:09:37","modified_gmt":"2022-08-12T16:09:37","slug":"cameroun-118-etablissements-scolaires-prives-fermes","status":"publish","type":"post","link":"https:\/\/linitiative.ca\/International\/cameroun-118-etablissements-scolaires-prives-fermes\/","title":{"rendered":"Cameroun : 118 \u00e9tablissements scolaires priv\u00e9s ferm\u00e9s"},"content":{"rendered":"<div>\n<p><img decoding=\"async\" width=\"770\" height=\"405\" src=\"https:\/\/linitiative.ca\/International\/wp-content\/uploads\/sites\/23\/2022\/08\/nalova-lyonga.jpg\" class=\"attachment-post-thumbnail size-post-thumbnail wp-post-image\" alt=\"Le Minesec ferme 118 \u00e9tablissements scolaires priv\u00e9s\" loading=\"lazy\" srcset=\"https:\/\/linitiative.ca\/International\/wp-content\/uploads\/sites\/23\/2022\/08\/nalova-lyonga.jpg 770w, https:\/\/www.journalducameroun.com\/wp-content\/uploads\/2018\/05\/nalova-lyonga-300x158.jpg 300w, https:\/\/www.journalducameroun.com\/wp-content\/uploads\/2018\/05\/nalova-lyonga-768x404.jpg 768w, https:\/\/www.journalducameroun.com\/wp-content\/uploads\/2018\/05\/nalova-lyonga-600x316.jpg 600w\" sizes=\"auto, (max-width: 770px) 100vw, 770px\"><\/p>\n<h2>La d\u00e9cision est sign\u00e9e du ministre des Enseignements secondaires Pauline Nalova Lyonga et rendue publique en date du 9 ao\u00fbt 2022.<\/h2>\n<p>\u00a0<\/p>\n<p>A un mois de la rentr\u00e9e scolaire pour le compte de l\u2019ann\u00e9e scolaire 2022-2023, le ministre des Enseignements secondaires publie la liste des \u00e9tablissements scolaires ind\u00e9sirables. Par l\u2019arr\u00eat\u00e9 N\u00b0333\/22 du 9 ao\u00fbt 2022, Pauline Nalova Lyonga ferme 118 \u00e9tablissements scolaires priv\u00e9s dans six des 10 r\u00e9gions du Cameroun.<\/p>\n<p>Il s\u2019agit de 53 \u00e9tablissements dans le Littoral, 38 dans le Centre, 10 \u00e0 l\u2019Est, sept au Sud, six \u00e0 l\u2019Ouest, et deux \u00e9tablissements dans l\u2019Adamaoua. La plupart de ces structures d\u2019enseignement ou de formation fonctionnent, selon l\u2019arr\u00eat\u00e9, sans autorisation de fonctionner. Une minorit\u00e9 des \u00e9tablissements concern\u00e9s fonctionnent sans autorisation d\u2019ouverture.<\/p>\n<p>Selon l\u2019arr\u00eat\u00e9 minist\u00e9riel, le motif de la fermeture est la carence ou la violation des formalit\u00e9s l\u00e9gales de cr\u00e9ation et d\u2019ouverture des \u00e9tablissements scolaires ou de formation priv\u00e9s. Ces modalit\u00e9s sont contenues dans la loi de 2004 et le d\u00e9cret du Premier ministre de 2008 sur l\u2019organisation et le fonctionnement de l\u2019enseignement priv\u00e9 au Cameroun.<\/p>\n<h2>Voici la liste des \u00e9tablissements scolaires ferm\u00e9s pour l&rsquo;ann\u00e9e scolaire 2022-2023<\/h2>\n<h2><a href=\"https:\/\/www.journalducameroun.com\/wp-content\/uploads\/2022\/08\/333_22_Fermeture_Etablissement_scolaire_prives_carences_ou_violation_formalites_legales_creation_ouverture.pdf\">333_22_Fermeture_Etablissement_scolaire_priv\u00e9s_carences_ou_violation_formalit\u00e9s_l\u00e9gales_cr\u00e9ation_ouverture<\/a><\/h2>\n<p>Cet article <a rel=\"nofollow\" href=\"https:\/\/www.journalducameroun.com\/cameroun-118-etablissements-scolaires-prives-fermes\/\">Cameroun : 118 \u00e9tablissements scolaires priv\u00e9s ferm\u00e9s<\/a> est apparu en premier sur <a rel=\"nofollow\" href=\"https:\/\/www.journalducameroun.com\/\">Journal du Cameroun<\/a>.<\/p>\n<\/div>\n<p>Auteur: Arnaud MAWEL<br \/>\n<a href=\"https:\/\/www.journalducameroun.com\/cameroun-118-etablissements-scolaires-prives-fermes\/\">Cliquez ici pour lire l&rsquo;article depuis sa source.<\/a><\/p>\n","protected":false},"excerpt":{"rendered":"<p>La d\u00e9cision est sign\u00e9e du ministre des Enseignements secondaires Pauline Nalova Lyonga et rendue publique en date du 9 ao\u00fbt 2022. \u00a0 A un mois de la rentr\u00e9e scolaire pour le compte de l\u2019ann\u00e9e scolaire 2022-2023, le ministre des Enseignements secondaires publie la liste des \u00e9tablissements scolaires ind\u00e9sirables. Par l\u2019arr\u00eat\u00e9 N\u00b0333\/22 du 9 ao\u00fbt 2022, [&hellip;]<\/p>\n","protected":false},"author":1965,"featured_media":0,"comment_status":"closed","ping_status":"closed","sticky":false,"template":"","format":"standard","meta":{"fifu_image_url":"https:\/\/www.journalducameroun.com\/wp-content\/uploads\/2018\/05\/nalova-lyonga.jpg","fifu_image_alt":"Cameroun : 118 \u00e9tablissements scolaires priv\u00e9s ferm\u00e9s","footnotes":""},"categories":[73,82],"tags":[],"class_list":["post-154804","post","type-post","status-publish","format-standard","hentry","category-actualite","category-cameroun"],"_links":{"self":[{"href":"https:\/\/linitiative.ca\/International\/wp-json\/wp\/v2\/posts\/154804","targetHints":{"allow":["GET"]}}],"collection":[{"href":"https:\/\/linitiative.ca\/International\/wp-json\/wp\/v2\/posts"}],"about":[{"href":"https:\/\/linitiative.ca\/International\/wp-json\/wp\/v2\/types\/post"}],"author":[{"embeddable":true,"href":"https:\/\/linitiative.ca\/International\/wp-json\/wp\/v2\/users\/1965"}],"replies":[{"embeddable":true,"href":"https:\/\/linitiative.ca\/International\/wp-json\/wp\/v2\/comments?post=154804"}],"version-history":[{"count":0,"href":"https:\/\/linitiative.ca\/International\/wp-json\/wp\/v2\/posts\/154804\/revisions"}],"wp:attachment":[{"href":"https:\/\/linitiative.ca\/International\/wp-json\/wp\/v2\/media?parent=154804"}],"wp:term":[{"taxonomy":"category","embeddable":true,"href":"https:\/\/linitiative.ca\/International\/wp-json\/wp\/v2\/categories?post=154804"},{"taxonomy":"post_tag","embeddable":true,"href":"https:\/\/linitiative.ca\/International\/wp-json\/wp\/v2\/tags?post=154804"}],"curies":[{"name":"wp","href":"https:\/\/api.w.org\/{rel}","templated":true}]}}