{"id":154810,"date":"2022-08-12T12:18:04","date_gmt":"2022-08-12T16:18:04","guid":{"rendered":"https:\/\/linitiative.ca\/International\/cote-divoire-nouvelle-greve-des-prestataires-de-mobile-money\/"},"modified":"2022-08-12T12:18:04","modified_gmt":"2022-08-12T16:18:04","slug":"cote-divoire-nouvelle-greve-des-prestataires-de-mobile-money","status":"publish","type":"post","link":"https:\/\/linitiative.ca\/International\/cote-divoire-nouvelle-greve-des-prestataires-de-mobile-money\/","title":{"rendered":"C\u00f4te d\u2019Ivoire : nouvelle gr\u00e8ve des prestataires de mobile money"},"content":{"rendered":"<div>\n<p>Les gr\u00e9vistes d\u00e9noncent la baisse des commissions sur les frais de transactions propos\u00e9es par les op\u00e9rateurs de t\u00e9l\u00e9phonie.En C\u00f4te d\u2019Ivoire, les services de mobile money sont paralys\u00e9s par une gr\u00e8ve des prestataires. Dans un communiqu\u00e9 re\u00e7u ce vendredi \u00e0 APA, le Collectif des propri\u00e9taires de points de vente mobile money dans ce pays d\u2019Afrique occidentale annonce avoir d\u00e9cid\u00e9, \u00ab en accord avec les Propri\u00e9taires de point de vente (PDV), de la prorogation de l\u2019arr\u00eat de travail du vendredi 12 ao\u00fbt au lundi 15 ao\u00fbt 2022\u00a0\u00bb.<\/p>\n<p>\u00ab Pour non consid\u00e9ration de notre m\u00e9contentement, non tentative de r\u00e9solution et satisfaction de nos revendications, au terme de ces jours d\u2019arr\u00eat de travail, des nouveaux Frais de prestations de service de proximit\u00e9 (FPSP) seront instaur\u00e9s \u00e0 partir du mardi 16 ao\u00fbt 2022, allant de 100 \u00e0 500 Fcfa, selon le montant de la transaction \u00bb, fustige ledit collectif.<\/p>\n<p>Il demande \u00ab \u00e0 tous les op\u00e9rateurs (de t\u00e9l\u00e9phonie) de s\u2019abstenir de suspendre ou de r\u00e9silier un compte de prestataire, le cas \u00e9ch\u00e9ant cet op\u00e9rateur sera banni du r\u00e9seau des prestataires et trouvera ses puces devant son si\u00e8ge \u00bb.<\/p>\n<p>Dans la capitale \u00e9conomique ivoirienne, Abidjan, plusieurs points de prestation de mobile money ont \u00e9t\u00e9 ferm\u00e9s ces derniers jours, suite \u00e0 une gr\u00e8ve de 72 heures qui a pris fin ce vendredi.<\/p>\n<p>Cet article <a rel=\"nofollow\" href=\"https:\/\/www.journalducameroun.com\/cote-divoire-nouvelle-greve-des-prestataires-de-mobile-money\/\">C\u00f4te d\u2019Ivoire : nouvelle gr\u00e8ve des prestataires de mobile money<\/a> est apparu en premier sur <a rel=\"nofollow\" href=\"https:\/\/www.journalducameroun.com\/\">Journal du Cameroun<\/a>.<\/p>\n<\/div>\n<p>Auteur: APA News<br \/>\n<a href=\"https:\/\/www.journalducameroun.com\/cote-divoire-nouvelle-greve-des-prestataires-de-mobile-money\/\">Cliquez ici pour lire l&rsquo;article depuis sa source.<\/a><\/p>\n","protected":false},"excerpt":{"rendered":"<p>Les gr\u00e9vistes d\u00e9noncent la baisse des commissions sur les frais de transactions propos\u00e9es par les op\u00e9rateurs de t\u00e9l\u00e9phonie.En C\u00f4te d\u2019Ivoire, les services de mobile money sont paralys\u00e9s par une gr\u00e8ve des prestataires. Dans un communiqu\u00e9 re\u00e7u ce vendredi \u00e0 APA, le Collectif des propri\u00e9taires de points de vente mobile money dans ce pays d\u2019Afrique occidentale [&hellip;]<\/p>\n","protected":false},"author":1965,"featured_media":0,"comment_status":"closed","ping_status":"closed","sticky":false,"template":"","format":"standard","meta":{"fifu_image_url":"","fifu_image_alt":"","footnotes":""},"categories":[73,82],"tags":[],"class_list":["post-154810","post","type-post","status-publish","format-standard","hentry","category-actualite","category-cameroun"],"_links":{"self":[{"href":"https:\/\/linitiative.ca\/International\/wp-json\/wp\/v2\/posts\/154810","targetHints":{"allow":["GET"]}}],"collection":[{"href":"https:\/\/linitiative.ca\/International\/wp-json\/wp\/v2\/posts"}],"about":[{"href":"https:\/\/linitiative.ca\/International\/wp-json\/wp\/v2\/types\/post"}],"author":[{"embeddable":true,"href":"https:\/\/linitiative.ca\/International\/wp-json\/wp\/v2\/users\/1965"}],"replies":[{"embeddable":true,"href":"https:\/\/linitiative.ca\/International\/wp-json\/wp\/v2\/comments?post=154810"}],"version-history":[{"count":0,"href":"https:\/\/linitiative.ca\/International\/wp-json\/wp\/v2\/posts\/154810\/revisions"}],"wp:attachment":[{"href":"https:\/\/linitiative.ca\/International\/wp-json\/wp\/v2\/media?parent=154810"}],"wp:term":[{"taxonomy":"category","embeddable":true,"href":"https:\/\/linitiative.ca\/International\/wp-json\/wp\/v2\/categories?post=154810"},{"taxonomy":"post_tag","embeddable":true,"href":"https:\/\/linitiative.ca\/International\/wp-json\/wp\/v2\/tags?post=154810"}],"curies":[{"name":"wp","href":"https:\/\/api.w.org\/{rel}","templated":true}]}}