{"id":154817,"date":"2022-08-12T11:02:48","date_gmt":"2022-08-12T15:02:48","guid":{"rendered":"https:\/\/linitiative.ca\/International\/services-medicaux-letat-perd-700-milliards-chaque-annee-en-raison-des-paiements-en-argent-comptant\/"},"modified":"2022-08-12T11:02:48","modified_gmt":"2022-08-12T15:02:48","slug":"services-medicaux-letat-perd-700-milliards-chaque-annee-en-raison-des-paiements-en-argent-comptant","status":"publish","type":"post","link":"https:\/\/linitiative.ca\/International\/services-medicaux-letat-perd-700-milliards-chaque-annee-en-raison-des-paiements-en-argent-comptant\/","title":{"rendered":"Services m\u00e9dicaux\u00a0: l\u2019Etat perd 700 milliards chaque ann\u00e9e en raison des paiements en argent comptant"},"content":{"rendered":"<div>\n<p>Une \u00a0r\u00e9cente \u00e9tude men\u00e9e par le minist\u00e8re des Finances r\u00e9v\u00e8le que l\u2019Etat perd chaque ann\u00e9e 700 milliards dans les op\u00e9rations num\u00e9raires li\u00e9es aux paiements des services m\u00e9dicaux. La r\u00e9v\u00e9lation a \u00e9t\u00e9 faite au cours d\u2019une r\u00e9union de concertation organis\u00e9e le 11 ao\u00fbt \u00a0dans les services du minist\u00e8re de la Sant\u00e9 Publique (Minsante). Cette derni\u00e8re avait pour but d\u2019\u00e9laborer les modalit\u00e9s de mise en \u0153uvre d\u2019un projet global visant \u00e0 r\u00e9duire, voire \u00e0 faire dispara\u00eetre ce ph\u00e9nom\u00e8ne qui cause un important manque \u00e0 gagner au tr\u00e9sor public. En effet, le Minsante veut impl\u00e9menter des op\u00e9rations de d\u00e9mat\u00e9rialisation et de digitalisation des recettes non fiscales g\u00e9n\u00e9r\u00e9es par les Formations Sanitaires publiques. De mani\u00e8re concr\u00e8te, \u00a0Il s\u2019agira dans un premier temps,\u00a0\u00a0des\u00a0certificats m\u00e9dicaux, des certificats m\u00e9dico-l\u00e9gaux, des\u00a0consultations et les frais de morgue.<\/p>\n<p><strong>Lire aussi : <a href=\"https:\/\/ecomatin.net\/le-ministre-de-la-sante-veut-maitriser-le-circuit-de-distribution-du-medicament-dans-les-formations-sanitaires-publiques\/\" target=\"_blank\" rel=\"noreferrer noopener\">Le ministre de la Sant\u00e9 veut ma\u00eetriser le circuit de distribution du m\u00e9dicament dans les formations sanitaires publiques\u00a0<\/a><\/strong><\/p>\n<p>L\u2019un des aspects de ces nouveaux modes de paiement que le minist\u00e8re de la Sant\u00e9 entend mettre en place conna\u00eet d\u00e9j\u00e0 une d\u00e9clinaison op\u00e9rationnelle dans certaines formations sanitaires de la ville de Yaound\u00e9. L\u2019H\u00f4pital de District de Mvog-Ada, situ\u00e9 dans l\u2019arrondissement de Yaound\u00e9 V a \u00e9t\u00e9 choisi comme lieu d\u2019exp\u00e9rimentation d\u2019une phase pilote d\u00e9di\u00e9e au paiement des certificats m\u00e9dicaux. Toutefois, pour le moment, les retours sont loin d\u2019\u00eatre \u00e9logieux. Au cours des \u00e9changes, des pr\u00e9occupations li\u00e9es \u00e0 l\u2019op\u00e9rationnalisation de ce mode de paiement ont \u00e9t\u00e9 abord\u00e9es,\u00a0\u00a0notamment le d\u00e9lai d\u2019enr\u00f4lement, le volume d\u2019information \u00e0 renseigner par le patient, la validation, l\u2019authentification et la tra\u00e7abilit\u00e9 de ces documents\u2026 \u00ab\u00a0Il est \u00e9galement apparu que la mise en \u0153uvre de ce m\u00e9canisme de paiement des services m\u00e9dicaux, d\u2019abord dans les villes de\u00a0 Yaound\u00e9 et Douala, n\u00e9cessite un ensemble de\u00a0r\u00e9formes\u00a0l\u00e9gislatives et r\u00e9glementaires. Les premiers signes de cette innovation sont annonc\u00e9s avant la fin du mois en cours\u00a0\u00bb, renseigne une source dans ce d\u00e9partement minist\u00e9riel.<\/p>\n<p><strong>Lire aussi : <a href=\"https:\/\/ecomatin.net\/crise-sanitaire-15-ministeres-exclus-du-partage-des-fonds-de-la-covid-19\/\" target=\"_blank\" rel=\"noreferrer noopener\">Crise sanitaire : 15 minist\u00e8res exclus du partage des fonds de la Covid-19<\/a><\/strong><\/p>\n<p>Cette op\u00e9ration que lance le minist\u00e8re de la Sant\u00e9 Publique rentre en droite ligne des objectifs de l\u2019Etat visant \u00e0\u00a0\u00a0optimiser la mobilisation des recettes publiques et garantir leur s\u00e9curit\u00e9.<\/p>\n<p><strong>Lire aussi : <a href=\"https:\/\/ecomatin.net\/manaouda-malachie-fait-appel-a-500-personnels-sanitaires\/\" target=\"_blank\" rel=\"noreferrer noopener\">Coronavirus: Manaouda Malachie fait appel \u00e0 500 personnels sanitaires<\/a><\/strong><\/p>\n<p>L\u2019article <a rel=\"nofollow\" href=\"https:\/\/ecomatin.net\/services-medicaux-letat-perd-700-milliards-chaque-annee-en-raison-des-paiements-en-argent-comptant\/\">Services m\u00e9dicaux\u00a0: l\u2019Etat perd 700 milliards chaque ann\u00e9e en raison des paiements en argent comptant<\/a> est apparu en premier sur <a rel=\"nofollow\" href=\"https:\/\/ecomatin.net\/\">EcoMatin<\/a>.<\/p>\n<\/div>\n<p>Auteur: Amina MALLOUM<br \/>\n<a href=\"https:\/\/ecomatin.net\/services-medicaux-letat-perd-700-milliards-chaque-annee-en-raison-des-paiements-en-argent-comptant\/\">Cliquez ici pour lire l&rsquo;article depuis sa source.<\/a><\/p>\n","protected":false},"excerpt":{"rendered":"<p>Une \u00a0r\u00e9cente \u00e9tude men\u00e9e par le minist\u00e8re des Finances r\u00e9v\u00e8le que l\u2019Etat perd chaque ann\u00e9e 700 milliards dans les op\u00e9rations num\u00e9raires li\u00e9es aux paiements des services m\u00e9dicaux. La r\u00e9v\u00e9lation a \u00e9t\u00e9 faite au cours d\u2019une r\u00e9union de concertation organis\u00e9e le 11 ao\u00fbt \u00a0dans les services du minist\u00e8re de la Sant\u00e9 Publique (Minsante). Cette derni\u00e8re avait [&hellip;]<\/p>\n","protected":false},"author":1969,"featured_media":0,"comment_status":"closed","ping_status":"closed","sticky":false,"template":"","format":"standard","meta":{"fifu_image_url":"","fifu_image_alt":"","footnotes":""},"categories":[82,78],"tags":[],"class_list":["post-154817","post","type-post","status-publish","format-standard","hentry","category-cameroun","category-economie"],"_links":{"self":[{"href":"https:\/\/linitiative.ca\/International\/wp-json\/wp\/v2\/posts\/154817","targetHints":{"allow":["GET"]}}],"collection":[{"href":"https:\/\/linitiative.ca\/International\/wp-json\/wp\/v2\/posts"}],"about":[{"href":"https:\/\/linitiative.ca\/International\/wp-json\/wp\/v2\/types\/post"}],"author":[{"embeddable":true,"href":"https:\/\/linitiative.ca\/International\/wp-json\/wp\/v2\/users\/1969"}],"replies":[{"embeddable":true,"href":"https:\/\/linitiative.ca\/International\/wp-json\/wp\/v2\/comments?post=154817"}],"version-history":[{"count":0,"href":"https:\/\/linitiative.ca\/International\/wp-json\/wp\/v2\/posts\/154817\/revisions"}],"wp:attachment":[{"href":"https:\/\/linitiative.ca\/International\/wp-json\/wp\/v2\/media?parent=154817"}],"wp:term":[{"taxonomy":"category","embeddable":true,"href":"https:\/\/linitiative.ca\/International\/wp-json\/wp\/v2\/categories?post=154817"},{"taxonomy":"post_tag","embeddable":true,"href":"https:\/\/linitiative.ca\/International\/wp-json\/wp\/v2\/tags?post=154817"}],"curies":[{"name":"wp","href":"https:\/\/api.w.org\/{rel}","templated":true}]}}