{"id":154867,"date":"2022-08-13T11:11:11","date_gmt":"2022-08-13T15:11:11","guid":{"rendered":"https:\/\/linitiative.ca\/International\/coup-denvoi-du-salon-regional-de-lartisanat\/"},"modified":"2022-08-13T11:11:11","modified_gmt":"2022-08-13T15:11:11","slug":"coup-denvoi-du-salon-regional-de-lartisanat","status":"publish","type":"post","link":"https:\/\/linitiative.ca\/International\/coup-denvoi-du-salon-regional-de-lartisanat\/","title":{"rendered":"Coup d\u2019envoi du Salon r\u00e9gional de l\u2019Artisanat"},"content":{"rendered":"<div>\n<div style=\"margin-bottom:20px;\"><img loading=\"lazy\" decoding=\"async\" width=\"750\" height=\"430\" src=\"https:\/\/linitiative.ca\/International\/wp-content\/uploads\/sites\/23\/2022\/08\/salon-copier.jpg\" class=\"attachment-post-thumbnail size-post-thumbnail wp-post-image\" alt=\"\" srcset=\"https:\/\/linitiative.ca\/International\/wp-content\/uploads\/sites\/23\/2022\/08\/salon-copier.jpg 750w, https:\/\/www.mapmarrakech.ma\/map\/uploads\/2022\/08\/salon-copier-300x172.jpg 300w\" sizes=\"auto, (max-width: 750px) 100vw, 750px\"><\/div>\n<p>Organis\u00e9 jusqu\u2019au 22 ao\u00fbt par la Chambre d\u2019Artisanat de la r\u00e9gion Marrakech-Safi en partenariat avec l\u2019OCP, le minist\u00e8re du Tourisme, de l\u2019Artisanat et de l\u2019Economie Sociale et Solidaire, la Maison de l\u2019Artisan et la Commune de Safi, cet \u00e9v\u00e9nement s\u2019inscrit dans le cadre de la mise en \u0153uvre du plan d\u2019action de la Chambre pour la promotion et la commercialisation des produits artisanaux au titre de l\u2019ann\u00e9e 2022,<\/p>\n<p>Le Salon, qui s\u2019\u00e9tend sur une superficie de 1.300 m3, permet aux coop\u00e9ratives artisanales, aux artisans et aux auto-entrepreneurs d\u2019exposer leurs produits dans diff\u00e9rents secteurs (argile, pierre, textile, bois, m\u00e9taux, produits en cuir, cosm\u00e9tiques, boulangerie, confiserie, produits v\u00e9g\u00e9taux\u2026).<\/p>\n<p>Il contribue \u00e9galement dans les efforts visant \u00e0 surmonter les effets n\u00e9gatifs de la pand\u00e9mie du nouveau coronavirus (Covid-19), d\u00e9velopper l\u2019artisanat en tant que levier de d\u00e9veloppement local et consolider l\u2019attractivit\u00e9 \u00e9conomique et touristique de la ville de Safi.<\/p>\n<p>\u00ab\u00a0Le Salon, un rendez-vous annuel depuis 25 ans, vise \u00e0 contribuer au renouveau des produits d\u2019artisanat et \u00e0 donner l\u2019opportunit\u00e9 aux artisans de rencontrer leurs clients et de commercialiser leurs produits\u00a0\u00bb, a soulign\u00e9 le pr\u00e9sident de la Chambre d\u2019Artisanat de la r\u00e9gion Marrakech-Safi, M. Hassan Chamis, dans une allocution prononc\u00e9e \u00e0 cette occasion.<\/p>\n<p>M. Chamis a saisi cette occasion pour appeler les artisans \u00e0 redoubler d\u2019efforts pour s\u2019adapter aux nouveaux modes de commercialisation offerts par les nouvelles technologies, notamment l\u2019e-marketing, qui ont prouv\u00e9 leur efficacit\u00e9 tout au long de la p\u00e9riode de la pand\u00e9mique, exprimant l\u2019engagement de la Chambre d\u2019accompagner les artisans dans ce domaine.<\/p>\n<p>Rappelant le projet de g\u00e9n\u00e9ralisation de la protection sociale, lanc\u00e9 par SM le Roi Mohammed VI, M. Chamis a appel\u00e9 les artisans \u00e0 adh\u00e9rer \u00e0 ce projet avant-gardiste au Maghreb, en Afrique et dans le monde arabe.<\/p>\n<p>Pour sa part, la pr\u00e9sidente de la coop\u00e9rative \u00ab\u00a0Chaqraa Al-Moheet pour la couture et la broderie\u00a0\u00bb, Mme Rkia Lechqar, a relev\u00e9 dans une d\u00e9claration \u00e0 M24, la chaine t\u00e9l\u00e9vis\u00e9e d\u2019information en continue de la MAP, que le Salon R\u00e9gional de l\u2019Artisanat de Safi offre l\u2019opportunit\u00e9 de rencontrer les artisans et les professionnels du secteur issus de plusieurs villes du Royaume pour \u00e9changer les exp\u00e9riences et le savoir-faire<\/p>\n<p>Mme Lechqar a, par ailleurs, not\u00e9 que la pand\u00e9mie a lourdement touch\u00e9 les artisans au cours des deux derni\u00e8res ann\u00e9es, ajoutant que le Salon permet aux artisans de rencontrer de nouveaux clients, d\u2019autant plus qu\u2019il co\u00efncide avec les vacances d\u2019\u00e9t\u00e9, qui connaissant une forte demande pour les produits d\u2019artisanat.<\/p>\n<p>Au menu de ce Salon, qui se tient \u00e0 la place Moulay Youssef \u00e0 Safi, figure l\u2019organisation d\u2019une s\u00e9rie d\u2019ateliers abordant plusieurs th\u00e9matiques, notamment \u00ab\u00a0le Registre national de l\u2019artisanat\u00a0\u00bb, \u00ab\u00a0l\u2019Assurance Maladie Obligatoire\u00a0\u00bb, \u00ab\u00a0l\u2019\u00e9ducation financi\u00e8re\u00a0\u00bb, \u00ab\u00a0l\u2019e-commerce\u00a0\u00bb et \u00ab\u00a0les techniques d\u2019exposition\u00a0\u00bb.<\/p>\n<p>The post <a rel=\"nofollow\" href=\"https:\/\/www.mapmarrakech.ma\/fr\/coup-denvoi-du-salon-regional-de-lartisanat\/\">Coup d\u2019envoi du Salon r\u00e9gional de l\u2019Artisanat<\/a> appeared first on <a rel=\"nofollow\" href=\"https:\/\/www.mapmarrakech.ma\/fr\">MapMarrakech<\/a>.<\/p>\n<\/div>\n<p>Auteur: Meriem IGASS<br \/>\n<a href=\"https:\/\/www.mapmarrakech.ma\/fr\/coup-denvoi-du-salon-regional-de-lartisanat\/\">Cliquez ici pour lire l&rsquo;article depuis sa source.<\/a><\/p>\n","protected":false},"excerpt":{"rendered":"<p>Organis\u00e9 jusqu\u2019au 22 ao\u00fbt par la Chambre d\u2019Artisanat de la r\u00e9gion Marrakech-Safi en partenariat avec l\u2019OCP, le minist\u00e8re du Tourisme, de l\u2019Artisanat et de l\u2019Economie Sociale et Solidaire, la Maison de l\u2019Artisan et la Commune de Safi, cet \u00e9v\u00e9nement s\u2019inscrit dans le cadre de la mise en \u0153uvre du plan d\u2019action de la Chambre pour [&hellip;]<\/p>\n","protected":false},"author":1788,"featured_media":0,"comment_status":"closed","ping_status":"closed","sticky":false,"template":"","format":"standard","meta":{"fifu_image_url":"https:\/\/www.mapmarrakech.ma\/map\/uploads\/2022\/08\/salon-copier.jpg","fifu_image_alt":"Coup d\u2019envoi du Salon r\u00e9gional de l\u2019Artisanat","footnotes":""},"categories":[54,76],"tags":[],"class_list":["post-154867","post","type-post","status-publish","format-standard","hentry","category-maroc","category-regions"],"_links":{"self":[{"href":"https:\/\/linitiative.ca\/International\/wp-json\/wp\/v2\/posts\/154867","targetHints":{"allow":["GET"]}}],"collection":[{"href":"https:\/\/linitiative.ca\/International\/wp-json\/wp\/v2\/posts"}],"about":[{"href":"https:\/\/linitiative.ca\/International\/wp-json\/wp\/v2\/types\/post"}],"author":[{"embeddable":true,"href":"https:\/\/linitiative.ca\/International\/wp-json\/wp\/v2\/users\/1788"}],"replies":[{"embeddable":true,"href":"https:\/\/linitiative.ca\/International\/wp-json\/wp\/v2\/comments?post=154867"}],"version-history":[{"count":0,"href":"https:\/\/linitiative.ca\/International\/wp-json\/wp\/v2\/posts\/154867\/revisions"}],"wp:attachment":[{"href":"https:\/\/linitiative.ca\/International\/wp-json\/wp\/v2\/media?parent=154867"}],"wp:term":[{"taxonomy":"category","embeddable":true,"href":"https:\/\/linitiative.ca\/International\/wp-json\/wp\/v2\/categories?post=154867"},{"taxonomy":"post_tag","embeddable":true,"href":"https:\/\/linitiative.ca\/International\/wp-json\/wp\/v2\/tags?post=154867"}],"curies":[{"name":"wp","href":"https:\/\/api.w.org\/{rel}","templated":true}]}}