{"id":154869,"date":"2022-08-13T09:20:05","date_gmt":"2022-08-13T13:20:05","guid":{"rendered":"https:\/\/linitiative.ca\/International\/berkane-celebration-du-sacre-de-la-rsb-en-coupe-du-trone\/"},"modified":"2022-08-13T09:20:05","modified_gmt":"2022-08-13T13:20:05","slug":"berkane-celebration-du-sacre-de-la-rsb-en-coupe-du-trone","status":"publish","type":"post","link":"https:\/\/linitiative.ca\/International\/berkane-celebration-du-sacre-de-la-rsb-en-coupe-du-trone\/","title":{"rendered":"Berkane : C\u00e9l\u00e9bration du sacre de la RSB en Coupe du Tr\u00f4ne"},"content":{"rendered":"<div>\n<div style=\"margin-bottom:20px;\"><img loading=\"lazy\" decoding=\"async\" width=\"750\" height=\"430\" src=\"https:\/\/linitiative.ca\/International\/wp-content\/uploads\/sites\/23\/2022\/08\/berkane-celebration-RSB-coupe-trC3B4ne-750C397430-MAP-1.jpg\" class=\"attachment-post-thumbnail size-post-thumbnail wp-post-image\" alt=\"\" srcset=\"https:\/\/linitiative.ca\/International\/wp-content\/uploads\/sites\/23\/2022\/08\/berkane-celebration-RSB-coupe-trC3B4ne-750C397430-MAP-1.jpg 750w, https:\/\/www.mapoujda.ma\/map\/uploads\/2022\/08\/berkane-celebration-RSB-coupe-tr\u00f4ne-750\u00d7430-MAP-1-300x172.jpg 300w\" sizes=\"auto, (max-width: 750px) 100vw, 750px\"><\/div>\n<div>\n<p style=\"text-align: justify;\">Une c\u00e9r\u00e9monie a \u00e9t\u00e9 organis\u00e9e, vendredi soir sur la place Mohammed VI \u00e0 Berkane, pour c\u00e9l\u00e9brer la cons\u00e9cration de la Renaissance sportive de Berkane (RSB) qui a remport\u00e9 la Coupe du Tr\u00f4ne de football pour le compte de la saison 2020-2021.<\/p>\n<p style=\"text-align: justify;\">Cet \u00e9v\u00e9nement, organis\u00e9 notamment par la pr\u00e9fecture de la province de Berkane et les Conseils communal et provincial de Berkane, a rendu hommage au joueurs et \u00e0 l\u2019\u00e9quipe dirigeante et technique de la RSB, qui a \u00e9galement remport\u00e9 la Coupe de la conf\u00e9d\u00e9ration africaine de football (CAF).<\/p>\n<p style=\"text-align: justify;\">La c\u00e9r\u00e9monie s\u2019est d\u00e9roul\u00e9e en pr\u00e9sence du gouverneur de la province de Berkane, Mohamed Ali Habouha, du pr\u00e9sident de la F\u00e9d\u00e9ration royale marocaine de football (FRMF), Fouzi Lekjaa\u200b, du pr\u00e9sident de la RSB, Hakim Benabdellah et du nouveau directeur technique des Oranges, l\u2019entra\u00eeneur alg\u00e9rien Abdelhak Benchikha, ainsi que d\u2019\u00e9lus, de responsables des secteurs de l\u2019Education nationale et des Sports et de plusieurs personnalit\u00e9s.<\/p>\n<p style=\"text-align: justify;\">La rencontre, plac\u00e9e sous le th\u00e8me \u00ab\u00a0Berkane productrice de champions\u00a0\u00bb, a aussi rendu hommage aux \u00e9l\u00e8ves m\u00e9ritants de la province de Berkane, dans une ambiance festive qui c\u00e9l\u00e8bre aussi bien l\u2019excellence sportive que scolaire.<\/p>\n<p style=\"text-align: justify;\">Dans une allocution \u00e0 cette occasion, M. Habouha a salu\u00e9 les grands succ\u00e8s remport\u00e9s par la RSB \u00e0 l\u2019\u00e9chelle nationale et continentale gr\u00e2ce aux efforts des joueurs et cadres de l\u2019\u00e9quipe, qui jouissent de l\u2019appui continu des supporters berkanis.<\/p>\n<p style=\"text-align: justify;\">La RSB s\u2019est aussi \u00e9rig\u00e9e en \u00e9cole exemplaire en mati\u00e8re d\u2019encadrement des jeunes et d\u2019innovation dans les modes de gestion, a-t-il soulign\u00e9, notant que les succ\u00e8s de la RSB constituent une source de motivation et d\u2019inspiration pour assurer l\u2019essor de Berkane dans l\u2019ensemble des domaines.<\/p>\n<p style=\"text-align: justify;\">De son c\u00f4t\u00e9, M. Benabdellah a exprim\u00e9 ses remerciements \u00e0 l\u2019ensemble des acteurs, intervenants et partenaires de l\u2019\u00e9quipe, qui, gr\u00e2ce \u00e0 la conjugaison de leurs efforts, ont permis \u00e0 la RSB de briller sur la sc\u00e8ne nationale et africaine, saluant en particulier les supporters du collectif orange, qui ont toujours \u00e9t\u00e9 derri\u00e8re leur \u00e9quipe quelles que soient les circonstances.<\/p>\n<p style=\"text-align: justify;\">La RSB n\u2019est pas uniquement un club sportif, mais c\u2019est aussi un levier de promotion et de d\u00e9veloppement de toute la province de Berkane, a-t-il affirm\u00e9, soulignant la d\u00e9termination du club \u00e0 poursuivre sur sa lanc\u00e9e et viser le podium dans toutes les comp\u00e9titions nationales et internationales.<\/p>\n<\/div>\n<p>L\u2019article <a rel=\"nofollow\" href=\"https:\/\/www.mapoujda.ma\/fr\/berkane-celebration-du-sacre-de-la-rsb-en-coupe-du-trone\/\">Berkane : C\u00e9l\u00e9bration du sacre de la RSB en Coupe du Tr\u00f4ne<\/a> est apparu en premier sur <a rel=\"nofollow\" href=\"https:\/\/www.mapoujda.ma\/fr\">MapOujda<\/a>.<\/p>\n<\/div>\n<p>Auteur: Soufiane ELAHMAR<br \/>\n<a href=\"https:\/\/www.mapoujda.ma\/fr\/berkane-celebration-du-sacre-de-la-rsb-en-coupe-du-trone\/\">Cliquez ici pour lire l&rsquo;article depuis sa source.<\/a><\/p>\n","protected":false},"excerpt":{"rendered":"<p>Une c\u00e9r\u00e9monie a \u00e9t\u00e9 organis\u00e9e, vendredi soir sur la place Mohammed VI \u00e0 Berkane, pour c\u00e9l\u00e9brer la cons\u00e9cration de la Renaissance sportive de Berkane (RSB) qui a remport\u00e9 la Coupe du Tr\u00f4ne de football pour le compte de la saison 2020-2021. Cet \u00e9v\u00e9nement, organis\u00e9 notamment par la pr\u00e9fecture de la province de Berkane et les [&hellip;]<\/p>\n","protected":false},"author":1788,"featured_media":0,"comment_status":"closed","ping_status":"closed","sticky":false,"template":"","format":"standard","meta":{"fifu_image_url":"https:\/\/www.mapoujda.ma\/map\/uploads\/2022\/08\/berkane-celebration-RSB-coupe-tr\u00f4ne-750\u00d7430-MAP-1.jpg","fifu_image_alt":"Berkane : C\u00e9l\u00e9bration du sacre de la RSB en Coupe du Tr\u00f4ne","footnotes":""},"categories":[54,76],"tags":[],"class_list":["post-154869","post","type-post","status-publish","format-standard","hentry","category-maroc","category-regions"],"_links":{"self":[{"href":"https:\/\/linitiative.ca\/International\/wp-json\/wp\/v2\/posts\/154869","targetHints":{"allow":["GET"]}}],"collection":[{"href":"https:\/\/linitiative.ca\/International\/wp-json\/wp\/v2\/posts"}],"about":[{"href":"https:\/\/linitiative.ca\/International\/wp-json\/wp\/v2\/types\/post"}],"author":[{"embeddable":true,"href":"https:\/\/linitiative.ca\/International\/wp-json\/wp\/v2\/users\/1788"}],"replies":[{"embeddable":true,"href":"https:\/\/linitiative.ca\/International\/wp-json\/wp\/v2\/comments?post=154869"}],"version-history":[{"count":0,"href":"https:\/\/linitiative.ca\/International\/wp-json\/wp\/v2\/posts\/154869\/revisions"}],"wp:attachment":[{"href":"https:\/\/linitiative.ca\/International\/wp-json\/wp\/v2\/media?parent=154869"}],"wp:term":[{"taxonomy":"category","embeddable":true,"href":"https:\/\/linitiative.ca\/International\/wp-json\/wp\/v2\/categories?post=154869"},{"taxonomy":"post_tag","embeddable":true,"href":"https:\/\/linitiative.ca\/International\/wp-json\/wp\/v2\/tags?post=154869"}],"curies":[{"name":"wp","href":"https:\/\/api.w.org\/{rel}","templated":true}]}}