{"id":154872,"date":"2022-08-13T08:35:49","date_gmt":"2022-08-13T12:35:49","guid":{"rendered":"https:\/\/linitiative.ca\/International\/nord-les-barrages-affichent-un-important-deficit\/"},"modified":"2022-08-13T08:35:49","modified_gmt":"2022-08-13T12:35:49","slug":"nord-les-barrages-affichent-un-important-deficit","status":"publish","type":"post","link":"https:\/\/linitiative.ca\/International\/nord-les-barrages-affichent-un-important-deficit\/","title":{"rendered":"Nord: Les barrages affichent un important d\u00e9ficit"},"content":{"rendered":"<div>\n<div class=\"field field-name-body field-type-text-with-summary field-label-hidden\">\n<div class=\"field-items\">\n<div class=\"field-item even\" property=\"content:encoded\">\n<p class=\"rtejustify\">Les retenues des barrages situ\u00e9s dans la r\u00e9gion de Tanger-T\u00e9touan-Al Hoceima ont fortement recul\u00e9 au 12 ao\u00fbt compar\u00e9 \u00e0 la m\u00eame date de l&rsquo;ann\u00e9e derni\u00e8re. Elles ont accus\u00e9 un\u00a0d\u00e9ficit de 306,32 millions m3, par rapport \u00e0 l&rsquo;ann\u00e9e derni\u00e8re, selon les donn\u00e9es de la Direction g\u00e9n\u00e9rale de l\u2019Eau, relevant du minist\u00e8re de l\u2019\u00c9quipement et de l\u2019Eau.<\/p>\n<\/div>\n<\/div>\n<\/div>\n<\/div>\n<p>Auteur: hgueye<br \/>\n<a href=\"https:\/\/www.leconomiste.com\/flash-infos\/nord-les-barrages-affichent-un-important-deficit\">Cliquez ici pour lire l&rsquo;article depuis sa source.<\/a><\/p>\n","protected":false},"excerpt":{"rendered":"<p>Les retenues des barrages situ\u00e9s dans la r\u00e9gion de Tanger-T\u00e9touan-Al Hoceima ont fortement recul\u00e9 au 12 ao\u00fbt compar\u00e9 \u00e0 la m\u00eame date de l&rsquo;ann\u00e9e derni\u00e8re. Elles ont accus\u00e9 un\u00a0d\u00e9ficit de 306,32 millions m3, par rapport \u00e0 l&rsquo;ann\u00e9e derni\u00e8re, selon les donn\u00e9es de la Direction g\u00e9n\u00e9rale de l\u2019Eau, relevant du minist\u00e8re de l\u2019\u00c9quipement et de l\u2019Eau. [&hellip;]<\/p>\n","protected":false},"author":1763,"featured_media":0,"comment_status":"closed","ping_status":"closed","sticky":false,"template":"","format":"standard","meta":{"fifu_image_url":"","fifu_image_alt":"","footnotes":""},"categories":[78,54],"tags":[],"class_list":["post-154872","post","type-post","status-publish","format-standard","hentry","category-economie","category-maroc"],"_links":{"self":[{"href":"https:\/\/linitiative.ca\/International\/wp-json\/wp\/v2\/posts\/154872","targetHints":{"allow":["GET"]}}],"collection":[{"href":"https:\/\/linitiative.ca\/International\/wp-json\/wp\/v2\/posts"}],"about":[{"href":"https:\/\/linitiative.ca\/International\/wp-json\/wp\/v2\/types\/post"}],"author":[{"embeddable":true,"href":"https:\/\/linitiative.ca\/International\/wp-json\/wp\/v2\/users\/1763"}],"replies":[{"embeddable":true,"href":"https:\/\/linitiative.ca\/International\/wp-json\/wp\/v2\/comments?post=154872"}],"version-history":[{"count":0,"href":"https:\/\/linitiative.ca\/International\/wp-json\/wp\/v2\/posts\/154872\/revisions"}],"wp:attachment":[{"href":"https:\/\/linitiative.ca\/International\/wp-json\/wp\/v2\/media?parent=154872"}],"wp:term":[{"taxonomy":"category","embeddable":true,"href":"https:\/\/linitiative.ca\/International\/wp-json\/wp\/v2\/categories?post=154872"},{"taxonomy":"post_tag","embeddable":true,"href":"https:\/\/linitiative.ca\/International\/wp-json\/wp\/v2\/tags?post=154872"}],"curies":[{"name":"wp","href":"https:\/\/api.w.org\/{rel}","templated":true}]}}