{"id":154873,"date":"2022-08-13T10:19:22","date_gmt":"2022-08-13T14:19:22","guid":{"rendered":"https:\/\/linitiative.ca\/International\/coupe-davis-le-maroc-revient-au-groupe-ii-euro-afrique\/"},"modified":"2022-08-13T10:19:22","modified_gmt":"2022-08-13T14:19:22","slug":"coupe-davis-le-maroc-revient-au-groupe-ii-euro-afrique","status":"publish","type":"post","link":"https:\/\/linitiative.ca\/International\/coupe-davis-le-maroc-revient-au-groupe-ii-euro-afrique\/","title":{"rendered":"Coupe Davis: Le Maroc revient au Groupe II Euro-Afrique"},"content":{"rendered":"<div>\n<div class=\"field field-name-body field-type-text-with-summary field-label-hidden\">\n<div class=\"field-items\">\n<div class=\"field-item even\" property=\"content:encoded\">\n<p class=\"rtejustify\">L&rsquo;\u00e9quipe nationale de Tennis s&rsquo;est qualifi\u00e9e au Groupe ll Euro-Afrique de la Coupe Davis, \u00e0 l\u2019issue des qualifications du Groupe lll Afrique, tenues du 8 au 13 ao\u00fbt\u00a0\u00e0 Alger.<\/p>\n<\/div>\n<\/div>\n<\/div>\n<\/div>\n<p>Auteur: hgueye<br \/>\n<a href=\"https:\/\/www.leconomiste.com\/flash-infos\/coupe-davis-le-maroc-revient-au-groupe-ii-euro-afrique\">Cliquez ici pour lire l&rsquo;article depuis sa source.<\/a><\/p>\n","protected":false},"excerpt":{"rendered":"<p>L&rsquo;\u00e9quipe nationale de Tennis s&rsquo;est qualifi\u00e9e au Groupe ll Euro-Afrique de la Coupe Davis, \u00e0 l\u2019issue des qualifications du Groupe lll Afrique, tenues du 8 au 13 ao\u00fbt\u00a0\u00e0 Alger. Auteur: hgueye Cliquez ici pour lire l&rsquo;article depuis sa source.<\/p>\n","protected":false},"author":1763,"featured_media":0,"comment_status":"closed","ping_status":"closed","sticky":false,"template":"","format":"standard","meta":{"fifu_image_url":"","fifu_image_alt":"","footnotes":""},"categories":[78,54],"tags":[],"class_list":["post-154873","post","type-post","status-publish","format-standard","hentry","category-economie","category-maroc"],"_links":{"self":[{"href":"https:\/\/linitiative.ca\/International\/wp-json\/wp\/v2\/posts\/154873","targetHints":{"allow":["GET"]}}],"collection":[{"href":"https:\/\/linitiative.ca\/International\/wp-json\/wp\/v2\/posts"}],"about":[{"href":"https:\/\/linitiative.ca\/International\/wp-json\/wp\/v2\/types\/post"}],"author":[{"embeddable":true,"href":"https:\/\/linitiative.ca\/International\/wp-json\/wp\/v2\/users\/1763"}],"replies":[{"embeddable":true,"href":"https:\/\/linitiative.ca\/International\/wp-json\/wp\/v2\/comments?post=154873"}],"version-history":[{"count":0,"href":"https:\/\/linitiative.ca\/International\/wp-json\/wp\/v2\/posts\/154873\/revisions"}],"wp:attachment":[{"href":"https:\/\/linitiative.ca\/International\/wp-json\/wp\/v2\/media?parent=154873"}],"wp:term":[{"taxonomy":"category","embeddable":true,"href":"https:\/\/linitiative.ca\/International\/wp-json\/wp\/v2\/categories?post=154873"},{"taxonomy":"post_tag","embeddable":true,"href":"https:\/\/linitiative.ca\/International\/wp-json\/wp\/v2\/tags?post=154873"}],"curies":[{"name":"wp","href":"https:\/\/api.w.org\/{rel}","templated":true}]}}