{"id":154888,"date":"2022-08-13T06:06:09","date_gmt":"2022-08-13T10:06:09","guid":{"rendered":"https:\/\/linitiative.ca\/International\/plf-2023-la-racine-carree-de-letat-social\/"},"modified":"2022-08-13T06:06:09","modified_gmt":"2022-08-13T10:06:09","slug":"plf-2023-la-racine-carree-de-letat-social","status":"publish","type":"post","link":"https:\/\/linitiative.ca\/International\/plf-2023-la-racine-carree-de-letat-social\/","title":{"rendered":"PLF 2023\u00a0: la racine carr\u00e9e de l\u2019Etat social"},"content":{"rendered":"<div><img decoding=\"async\" width=\"460\" height=\"268\" src=\"https:\/\/linitiative.ca\/International\/wp-content\/uploads\/sites\/23\/2022\/08\/akhannouch-4-504x300-2-504x300-1.jpg\" class=\"attachment-post-thumbnail size-post-thumbnail wp-post-image\" alt=\"\" loading=\"lazy\" srcset=\"https:\/\/linitiative.ca\/International\/wp-content\/uploads\/sites\/23\/2022\/08\/akhannouch-4-504x300-2-504x300-1.jpg 460w, https:\/\/www.challenge.ma\/wp-content\/uploads\/2022\/04\/akhannouch-4-504x300-2-504x300-1-300x175.jpg 300w, https:\/\/www.challenge.ma\/wp-content\/uploads\/2022\/04\/akhannouch-4-504x300-2-504x300-1-360x210.jpg 360w\" sizes=\"auto, (max-width: 460px) 100vw, 460px\" itemprop=\"image\">Le PLF-2023, en cours de pr\u00e9paration, a une forme de carr\u00e9. En effet, quatre dimensions prioritaires, de mani\u00e8re \u00e9gale, sont interactives et se compl\u00e8tent. Consolider les fondements de l\u2019Etat social. Relancer l\u2019\u00e9conomie nationale en renfor\u00e7ant l\u2019investissement. Consacrer l\u2019\u00e9quit\u00e9 territoriale. Ces \u00ab\u00a0trois c\u00f4t\u00e9s \u00e9gaux\u00a0\u00bb sont \u00e9troitement conditionn\u00e9s par le quatri\u00e8me c\u00f4t\u00e9\u00a0:<\/div>\n<p>Auteur: Mohamed Amine<br \/>\n<a href=\"https:\/\/www.challenge.ma\/plf-2023-la-racine-carree-de-letat-social-243567\/\">Cliquez ici pour lire l&rsquo;article depuis sa source.<\/a><\/p>\n","protected":false},"excerpt":{"rendered":"<p>Le PLF-2023, en cours de pr\u00e9paration, a une forme de carr\u00e9. En effet, quatre dimensions prioritaires, de mani\u00e8re \u00e9gale, sont interactives et se compl\u00e8tent. Consolider les fondements de l\u2019Etat social. Relancer l\u2019\u00e9conomie nationale en renfor\u00e7ant l\u2019investissement. Consacrer l\u2019\u00e9quit\u00e9 territoriale. Ces \u00ab\u00a0trois c\u00f4t\u00e9s \u00e9gaux\u00a0\u00bb sont \u00e9troitement conditionn\u00e9s par le quatri\u00e8me c\u00f4t\u00e9\u00a0: Auteur: Mohamed Amine Cliquez ici [&hellip;]<\/p>\n","protected":false},"author":1787,"featured_media":0,"comment_status":"closed","ping_status":"closed","sticky":false,"template":"","format":"standard","meta":{"fifu_image_url":"https:\/\/www.challenge.ma\/wp-content\/uploads\/2022\/04\/akhannouch-4-504x300-2-504x300-1.jpg","fifu_image_alt":"PLF 2023\u00a0: la racine carr\u00e9e de l\u2019Etat social","footnotes":""},"categories":[78,54],"tags":[],"class_list":["post-154888","post","type-post","status-publish","format-standard","hentry","category-economie","category-maroc"],"_links":{"self":[{"href":"https:\/\/linitiative.ca\/International\/wp-json\/wp\/v2\/posts\/154888","targetHints":{"allow":["GET"]}}],"collection":[{"href":"https:\/\/linitiative.ca\/International\/wp-json\/wp\/v2\/posts"}],"about":[{"href":"https:\/\/linitiative.ca\/International\/wp-json\/wp\/v2\/types\/post"}],"author":[{"embeddable":true,"href":"https:\/\/linitiative.ca\/International\/wp-json\/wp\/v2\/users\/1787"}],"replies":[{"embeddable":true,"href":"https:\/\/linitiative.ca\/International\/wp-json\/wp\/v2\/comments?post=154888"}],"version-history":[{"count":0,"href":"https:\/\/linitiative.ca\/International\/wp-json\/wp\/v2\/posts\/154888\/revisions"}],"wp:attachment":[{"href":"https:\/\/linitiative.ca\/International\/wp-json\/wp\/v2\/media?parent=154888"}],"wp:term":[{"taxonomy":"category","embeddable":true,"href":"https:\/\/linitiative.ca\/International\/wp-json\/wp\/v2\/categories?post=154888"},{"taxonomy":"post_tag","embeddable":true,"href":"https:\/\/linitiative.ca\/International\/wp-json\/wp\/v2\/tags?post=154888"}],"curies":[{"name":"wp","href":"https:\/\/api.w.org\/{rel}","templated":true}]}}