{"id":154892,"date":"2022-08-13T07:50:05","date_gmt":"2022-08-13T11:50:05","guid":{"rendered":"https:\/\/linitiative.ca\/International\/coree-du-sud-le-patron-de-samsung-gracie-pour-aider-leconomie\/"},"modified":"2022-08-13T07:50:05","modified_gmt":"2022-08-13T11:50:05","slug":"coree-du-sud-le-patron-de-samsung-gracie-pour-aider-leconomie","status":"publish","type":"post","link":"https:\/\/linitiative.ca\/International\/coree-du-sud-le-patron-de-samsung-gracie-pour-aider-leconomie\/","title":{"rendered":"Cor\u00e9e du Sud : le patron de Samsung graci\u00e9 pour \u00ab\u00a0aider l\u2019\u00e9conomie\u00a0\u00bb"},"content":{"rendered":"<div><img decoding=\"async\" width=\"800\" height=\"572\" src=\"https:\/\/linitiative.ca\/International\/wp-content\/uploads\/sites\/23\/2022\/08\/Lee-Jae-yong-1-e1660391390104.jpg\" class=\"attachment-post-thumbnail size-post-thumbnail wp-post-image\" alt=\"\" loading=\"lazy\" srcset=\"https:\/\/linitiative.ca\/International\/wp-content\/uploads\/sites\/23\/2022\/08\/Lee-Jae-yong-1-e1660391390104.jpg 800w, https:\/\/www.challenge.ma\/wp-content\/uploads\/2022\/08\/Lee-Jae-yong-1-e1660391390104-300x215.jpg 300w, https:\/\/www.challenge.ma\/wp-content\/uploads\/2022\/08\/Lee-Jae-yong-1-e1660391390104-768x549.jpg 768w, https:\/\/www.challenge.ma\/wp-content\/uploads\/2022\/08\/Lee-Jae-yong-1-e1660391390104-360x257.jpg 360w, https:\/\/www.challenge.ma\/wp-content\/uploads\/2022\/08\/Lee-Jae-yong-1-e1660391390104-750x536.jpg 750w\" sizes=\"auto, (max-width: 800px) 100vw, 800px\" itemprop=\"image\">L\u2019h\u00e9ritier et patron de facto du groupe Samsung a b\u00e9n\u00e9fici\u00e9 vendredi d\u2019une gr\u00e2ce pr\u00e9sidentielle, dernier exemple en date d\u2019une longue tradition sud-cor\u00e9enne de mansu\u00e9tude \u00e0 l\u2019encontre des grands patrons condamn\u00e9s pour corruption et autres d\u00e9lits financiers. Justification: contribuer \u00e0 l\u2019\u00e9conomie. Le milliardaire Lee Jae-yong, condamn\u00e9 pour corruption et d\u00e9tournement de<\/div>\n<p>Auteur: Mehdi Ouazzani<br \/>\n<a href=\"https:\/\/www.challenge.ma\/coree-du-sud-le-patron-de-samsung-gracie-pour-aider-leconomie-243577\/\">Cliquez ici pour lire l&rsquo;article depuis sa source.<\/a><\/p>\n","protected":false},"excerpt":{"rendered":"<p>L\u2019h\u00e9ritier et patron de facto du groupe Samsung a b\u00e9n\u00e9fici\u00e9 vendredi d\u2019une gr\u00e2ce pr\u00e9sidentielle, dernier exemple en date d\u2019une longue tradition sud-cor\u00e9enne de mansu\u00e9tude \u00e0 l\u2019encontre des grands patrons condamn\u00e9s pour corruption et autres d\u00e9lits financiers. Justification: contribuer \u00e0 l\u2019\u00e9conomie. Le milliardaire Lee Jae-yong, condamn\u00e9 pour corruption et d\u00e9tournement de Auteur: Mehdi Ouazzani Cliquez ici [&hellip;]<\/p>\n","protected":false},"author":1787,"featured_media":0,"comment_status":"closed","ping_status":"closed","sticky":false,"template":"","format":"standard","meta":{"fifu_image_url":"https:\/\/www.challenge.ma\/wp-content\/uploads\/2022\/08\/Lee-Jae-yong-1-e1660391390104.jpg","fifu_image_alt":"Cor\u00e9e du Sud : le patron de Samsung graci\u00e9 pour \u00ab\u00a0aider l\u2019\u00e9conomie\u00a0\u00bb","footnotes":""},"categories":[78,54],"tags":[],"class_list":["post-154892","post","type-post","status-publish","format-standard","hentry","category-economie","category-maroc"],"_links":{"self":[{"href":"https:\/\/linitiative.ca\/International\/wp-json\/wp\/v2\/posts\/154892","targetHints":{"allow":["GET"]}}],"collection":[{"href":"https:\/\/linitiative.ca\/International\/wp-json\/wp\/v2\/posts"}],"about":[{"href":"https:\/\/linitiative.ca\/International\/wp-json\/wp\/v2\/types\/post"}],"author":[{"embeddable":true,"href":"https:\/\/linitiative.ca\/International\/wp-json\/wp\/v2\/users\/1787"}],"replies":[{"embeddable":true,"href":"https:\/\/linitiative.ca\/International\/wp-json\/wp\/v2\/comments?post=154892"}],"version-history":[{"count":0,"href":"https:\/\/linitiative.ca\/International\/wp-json\/wp\/v2\/posts\/154892\/revisions"}],"wp:attachment":[{"href":"https:\/\/linitiative.ca\/International\/wp-json\/wp\/v2\/media?parent=154892"}],"wp:term":[{"taxonomy":"category","embeddable":true,"href":"https:\/\/linitiative.ca\/International\/wp-json\/wp\/v2\/categories?post=154892"},{"taxonomy":"post_tag","embeddable":true,"href":"https:\/\/linitiative.ca\/International\/wp-json\/wp\/v2\/tags?post=154892"}],"curies":[{"name":"wp","href":"https:\/\/api.w.org\/{rel}","templated":true}]}}