{"id":154894,"date":"2022-08-13T17:02:17","date_gmt":"2022-08-13T21:02:17","guid":{"rendered":"https:\/\/linitiative.ca\/International\/joe-biden-condamne-lattaque-contre-salmane-rushdie\/"},"modified":"2022-08-13T17:02:17","modified_gmt":"2022-08-13T21:02:17","slug":"joe-biden-condamne-lattaque-contre-salmane-rushdie","status":"publish","type":"post","link":"https:\/\/linitiative.ca\/International\/joe-biden-condamne-lattaque-contre-salmane-rushdie\/","title":{"rendered":"Joe Biden condamne l\u2019attaque contre Salmane Rushdie"},"content":{"rendered":"<div>\n<p>Le pr\u00e9sident des \u00c9tats-Unis Joe Biden a condamn\u00e9 ce samedi 13 ao\u00fbt l\u2019\u00abattaque brutale\u00bb la veille contre l\u2019\u00e9crivain britannique et am\u00e9ricain Salman Rushdie. Ce dernier est rest\u00e9 dans un \u00e9tat grave\u00a0apr\u00e8s avoir \u00e9t\u00e9 violemment poignard\u00e9\u00a0lors d\u2019une conf\u00e9rence dans l\u2019\u00c9tat de New York. Joe Biden a, \u00e0 travers un communiqu\u00e9, salu\u00e9 Salman Rushdie pour son refus [\u2026]<\/p>\n<p>L\u2019article <a href=\"https:\/\/www.tunisienumerique.com\/joe-biden-condamne-lattaque-contre-salmane-rushdie\/\">Joe Biden condamne l\u2019attaque contre Salmane Rushdie<\/a> est apparu en premier sur <a href=\"https:\/\/www.tunisienumerique.com\/\">Tunisie<\/a>.<\/p>\n<\/div>\n<p>Auteur: balkis<br \/>\n<a href=\"https:\/\/www.tunisienumerique.com\/joe-biden-condamne-lattaque-contre-salmane-rushdie\/\">Cliquez ici pour lire l&rsquo;article depuis sa source.<\/a><\/p>\n","protected":false},"excerpt":{"rendered":"<p>Le pr\u00e9sident des \u00c9tats-Unis Joe Biden a condamn\u00e9 ce samedi 13 ao\u00fbt l\u2019\u00abattaque brutale\u00bb la veille contre l\u2019\u00e9crivain britannique et am\u00e9ricain Salman Rushdie. Ce dernier est rest\u00e9 dans un \u00e9tat grave\u00a0apr\u00e8s avoir \u00e9t\u00e9 violemment poignard\u00e9\u00a0lors d\u2019une conf\u00e9rence dans l\u2019\u00c9tat de New York. Joe Biden a, \u00e0 travers un communiqu\u00e9, salu\u00e9 Salman Rushdie pour son refus [&hellip;]<\/p>\n","protected":false},"author":1789,"featured_media":0,"comment_status":"closed","ping_status":"closed","sticky":false,"template":"","format":"standard","meta":{"fifu_image_url":"","fifu_image_alt":"","footnotes":""},"categories":[73,55],"tags":[],"class_list":["post-154894","post","type-post","status-publish","format-standard","hentry","category-actualite","category-tunisie"],"_links":{"self":[{"href":"https:\/\/linitiative.ca\/International\/wp-json\/wp\/v2\/posts\/154894","targetHints":{"allow":["GET"]}}],"collection":[{"href":"https:\/\/linitiative.ca\/International\/wp-json\/wp\/v2\/posts"}],"about":[{"href":"https:\/\/linitiative.ca\/International\/wp-json\/wp\/v2\/types\/post"}],"author":[{"embeddable":true,"href":"https:\/\/linitiative.ca\/International\/wp-json\/wp\/v2\/users\/1789"}],"replies":[{"embeddable":true,"href":"https:\/\/linitiative.ca\/International\/wp-json\/wp\/v2\/comments?post=154894"}],"version-history":[{"count":0,"href":"https:\/\/linitiative.ca\/International\/wp-json\/wp\/v2\/posts\/154894\/revisions"}],"wp:attachment":[{"href":"https:\/\/linitiative.ca\/International\/wp-json\/wp\/v2\/media?parent=154894"}],"wp:term":[{"taxonomy":"category","embeddable":true,"href":"https:\/\/linitiative.ca\/International\/wp-json\/wp\/v2\/categories?post=154894"},{"taxonomy":"post_tag","embeddable":true,"href":"https:\/\/linitiative.ca\/International\/wp-json\/wp\/v2\/tags?post=154894"}],"curies":[{"name":"wp","href":"https:\/\/api.w.org\/{rel}","templated":true}]}}