{"id":154895,"date":"2022-08-13T07:18:03","date_gmt":"2022-08-13T11:18:03","guid":{"rendered":"https:\/\/linitiative.ca\/International\/militaire-emploi-economie-et-social-au-menu-des-quotidiens-marocains\/"},"modified":"2022-08-13T07:18:03","modified_gmt":"2022-08-13T11:18:03","slug":"militaire-emploi-economie-et-social-au-menu-des-quotidiens-marocains","status":"publish","type":"post","link":"https:\/\/linitiative.ca\/International\/militaire-emploi-economie-et-social-au-menu-des-quotidiens-marocains\/","title":{"rendered":"Militaire, emploi, \u00e9conomie et social au menu des quotidiens marocains"},"content":{"rendered":"<div>\n<p><img decoding=\"async\" width=\"287\" height=\"176\" src=\"https:\/\/linitiative.ca\/International\/wp-content\/uploads\/sites\/23\/2022\/08\/16603894834474.jpg\" class=\"attachment-post-thumbnail size-post-thumbnail wp-post-image\" alt=\"\" loading=\"lazy\"><\/p>\n<p>Les quotidiens marocains parus ce samedi se focalisent sur nombre de sujets notamment l&rsquo;aide militaire am\u00e9ricaine qui sera accord\u00e9e au Maroc, la question de l&#8217;emploi, le d\u00e9but d&rsquo;op\u00e9rations de forage dans la r\u00e9gion du Gharb et les derni\u00e8res statistiques sur le ch\u00f4mage.+Al Akhbar+ rapporte qu&rsquo;une enveloppe de pas moins de six milliards de dollars est pr\u00e9vue dans le projet am\u00e9ricain de loi de finances 2023, en guise d&rsquo;aide militaire aux pays du Conseil de coop\u00e9ration du Golfe, ainsi qu&rsquo;au Maroc, \u00e0 l&rsquo;Egypte, \u00e0 la Jordanie et au Soudan.<\/p>\n<p>L&rsquo;objectif de cette coop\u00e9ration militaire est de contrer la menace iranienne directe ou indirecte qui finance et arme des milices et des organisations terroristes. Le Maroc a \u00e9t\u00e9 cibl\u00e9 par cette aide militaire en raison des menaces de d\u00e9stabilisation planifi\u00e9es par le r\u00e9gime iranien avec ses complices dans la r\u00e9gion, \u00e9crit le quotidien.<\/p>\n<p>Dans la chronique intitul\u00e9e \u00abLettre de Washington\u00bb, la source du quotidien souligne que \u00ables Etats Unis d&rsquo;Am\u00e9rique auraient obtenu des informations sur le rapprochement entre Alger et T\u00e9h\u00e9ran en vue de d\u00e9stabiliser l&rsquo;\u00e9quilibre strat\u00e9gique dans le nord de l&rsquo;Afrique\u00bb. C&rsquo;est par cet axe Alg\u00e9rie-Iran, poursuit la m\u00eame source, \u00ab que transitent le financement et l&rsquo;armement des milices du Polisario par l&rsquo;Iran et le Hezbollah \u00bb.<\/p>\n<p>\u00abL&rsquo;importance de l&rsquo;aide am\u00e9ricaine est \u00e0 souligner dans la nature de l&rsquo;armement que Washington compte livrer au Maroc et qui n&rsquo;est valid\u00e9 par le S\u00e9nat am\u00e9ricain qu&rsquo;\u00e0 un alli\u00e9 strat\u00e9gique\u00bb, souligne le journal. La d\u00e9cision am\u00e9ricaine, indique la m\u00eame source, a deux port\u00e9es politiques. La premi\u00e8re r\u00e9side dans le fait que \u00able Polisario est d\u00e9sormais consid\u00e9r\u00e9 par les services am\u00e9ricains comme un bras arm\u00e9 de l&rsquo;Iran. Ce qui conduirait \u00e0 tout moment au classement des milices du Polisario parmi les organisations terroristes\u00bb.<\/p>\n<p>La deuxi\u00e8me signification de cette aide militaire est qu&rsquo;elle affirme le prolongement de la position politique et diplomatique am\u00e9ricaine reconnaissant la souverainet\u00e9 du Maroc sur son Sahara. Cette reconnaissance sera confirm\u00e9e par le conseil de s\u00e9curit\u00e9 des Nations unies lors de sa prochaine r\u00e9union, ajoute le quotidien.<\/p>\n<p>\u00a0+Le Matin+ souligne qu&rsquo;un nouvel \u00e9lan sera donn\u00e9 \u00e0 l&#8217;emploi l&rsquo;ann\u00e9e prochaine, annonce le gouvernement dans sa note de cadrage relative au projet de loi de Finances de 2023.<\/p>\n<p>D&rsquo;apr\u00e8s ce document, il sera question de poursuivre les programmes initi\u00e9s dans le cadre de ce mandat, \u00e0 travers notamment la mise en \u0153uvre du programme \u00abAwrach\u00bb qui vise \u00e0 cr\u00e9er quelque 250.000 emplois, au cours des ann\u00e9es 2022 et 2023. La lettre de cadrage annonce par ailleurs la d\u00e9termination du gouvernement \u00e0 encourager les initiatives des jeunes entrepreneurs dans le domaine agricole et \u00e0 poursuivre la mise en \u0153uvre du programme \u00abIntilaka\u00bb, outre le programme \u00abForsa\u00bb.<\/p>\n<p>+Rissalat Al Oumma+ rapporte que SDX Energy, la soci\u00e9t\u00e9 britannique d&rsquo;exploration p\u00e9troli\u00e8re et gazi\u00e8re op\u00e9rant au Maroc, a annonc\u00e9 le lancement des op\u00e9rations de forage sur le puits SAK-1 \u00e0 Lalla Mimouna dans la province de Kenitra.<\/p>\n<p>Avec un r\u00e9servoir \u00e0 une profondeur d&rsquo;environ 1.108 m\u00e8tres, le puits est le premier d&rsquo;une s\u00e9rie de deux forages dans le bassin du Gharb, pr\u00e9vue pour le troisi\u00e8me trimestre 2022, selon un communiqu\u00e9 de la soci\u00e9t\u00e9 britannique, cit\u00e9 par la publication.<\/p>\n<p>La soci\u00e9t\u00e9 envisage de lancer trois autres forages au Maroc entre le quatri\u00e8me trimestre 2022 et le premier trimestre 2023, selon la m\u00eame source. Dans le cadre de la phase initiale de sa campagne de forage 2021, SDX a termin\u00e9 l&rsquo;ann\u00e9e derni\u00e8re le forage de trois puits dans le bassin du Gharb.<\/p>\n<p>+Assahra Al Maghribia+ cite les donn\u00e9es du Haut-Commissariat au Plan (HCP), publi\u00e9e \u00e0 l&rsquo;occasion de la Journ\u00e9e internationale de la Jeunesse selon lesquelles pr\u00e8s de 3 ch\u00f4meurs sur 10 (29,7%) sont des jeunes.<\/p>\n<p>Selon le HCP, pr\u00e8s de 3 jeunes ch\u00f4meurs sur 4 (75,8%) r\u00e9sident en milieu urbain (67,3% sont des hommes et 90,1% sont dipl\u00f4m\u00e9s). Le taux de ch\u00f4mage a, quant \u00e0 lui, atteint 31,8% pour les jeunes \u00e2g\u00e9s de 15 \u00e0 24 ans au niveau national, contre 13,7% pour les personnes \u00e2g\u00e9es de 25 \u00e0 44 ans et 3,8% pour les personnes \u00e2g\u00e9es de 45 ans ou plus, pr\u00e9cise la m\u00eame source.<\/p>\n<p>Cet article <a rel=\"nofollow\" href=\"https:\/\/www.journalducameroun.com\/militaire-emploi-economie-et-social-au-menu-des-quotidiens-marocains\/\">Militaire, emploi, \u00e9conomie et social au menu des quotidiens marocains<\/a> est apparu en premier sur <a rel=\"nofollow\" href=\"https:\/\/www.journalducameroun.com\/\">Journal du Cameroun<\/a>.<\/p>\n<\/div>\n<p>Auteur: APA News<br \/>\n<a href=\"https:\/\/www.journalducameroun.com\/militaire-emploi-economie-et-social-au-menu-des-quotidiens-marocains\/\">Cliquez ici pour lire l&rsquo;article depuis sa source.<\/a><\/p>\n","protected":false},"excerpt":{"rendered":"<p>Les quotidiens marocains parus ce samedi se focalisent sur nombre de sujets notamment l&rsquo;aide militaire am\u00e9ricaine qui sera accord\u00e9e au Maroc, la question de l&#8217;emploi, le d\u00e9but d&rsquo;op\u00e9rations de forage dans la r\u00e9gion du Gharb et les derni\u00e8res statistiques sur le ch\u00f4mage.+Al Akhbar+ rapporte qu&rsquo;une enveloppe de pas moins de six milliards de dollars est [&hellip;]<\/p>\n","protected":false},"author":1965,"featured_media":0,"comment_status":"closed","ping_status":"closed","sticky":false,"template":"","format":"standard","meta":{"fifu_image_url":"https:\/\/www.journalducameroun.com\/wp-content\/uploads\/2022\/08\/16603894834474.jpg","fifu_image_alt":"Militaire, emploi, \u00e9conomie et social au menu des quotidiens marocains","footnotes":""},"categories":[73,82],"tags":[],"class_list":["post-154895","post","type-post","status-publish","format-standard","hentry","category-actualite","category-cameroun"],"_links":{"self":[{"href":"https:\/\/linitiative.ca\/International\/wp-json\/wp\/v2\/posts\/154895","targetHints":{"allow":["GET"]}}],"collection":[{"href":"https:\/\/linitiative.ca\/International\/wp-json\/wp\/v2\/posts"}],"about":[{"href":"https:\/\/linitiative.ca\/International\/wp-json\/wp\/v2\/types\/post"}],"author":[{"embeddable":true,"href":"https:\/\/linitiative.ca\/International\/wp-json\/wp\/v2\/users\/1965"}],"replies":[{"embeddable":true,"href":"https:\/\/linitiative.ca\/International\/wp-json\/wp\/v2\/comments?post=154895"}],"version-history":[{"count":0,"href":"https:\/\/linitiative.ca\/International\/wp-json\/wp\/v2\/posts\/154895\/revisions"}],"wp:attachment":[{"href":"https:\/\/linitiative.ca\/International\/wp-json\/wp\/v2\/media?parent=154895"}],"wp:term":[{"taxonomy":"category","embeddable":true,"href":"https:\/\/linitiative.ca\/International\/wp-json\/wp\/v2\/categories?post=154895"},{"taxonomy":"post_tag","embeddable":true,"href":"https:\/\/linitiative.ca\/International\/wp-json\/wp\/v2\/tags?post=154895"}],"curies":[{"name":"wp","href":"https:\/\/api.w.org\/{rel}","templated":true}]}}