{"id":154897,"date":"2022-08-13T09:18:03","date_gmt":"2022-08-13T13:18:03","guid":{"rendered":"https:\/\/linitiative.ca\/International\/s-leone-pourquoi-les-manifestants-sont-ils-en-colere-contre-ladministration-bio\/"},"modified":"2022-08-13T09:18:03","modified_gmt":"2022-08-13T13:18:03","slug":"s-leone-pourquoi-les-manifestants-sont-ils-en-colere-contre-ladministration-bio","status":"publish","type":"post","link":"https:\/\/linitiative.ca\/International\/s-leone-pourquoi-les-manifestants-sont-ils-en-colere-contre-ladministration-bio\/","title":{"rendered":"S\/Leone : Pourquoi les manifestants sont-ils en col\u00e8re contre l\u2019administration Bio ?"},"content":{"rendered":"<div>\n<p><img decoding=\"async\" width=\"731\" height=\"411\" src=\"https:\/\/linitiative.ca\/International\/wp-content\/uploads\/sites\/23\/2022\/08\/16603966847525.jpg\" class=\"attachment-post-thumbnail size-post-thumbnail wp-post-image\" alt=\"\" loading=\"lazy\" srcset=\"https:\/\/linitiative.ca\/International\/wp-content\/uploads\/sites\/23\/2022\/08\/16603966847525.jpg 731w, https:\/\/www.journalducameroun.com\/wp-content\/uploads\/2022\/08\/16603966847525-300x169.jpg 300w, https:\/\/www.journalducameroun.com\/wp-content\/uploads\/2022\/08\/16603966847525-780x440.jpg 780w, https:\/\/www.journalducameroun.com\/wp-content\/uploads\/2022\/08\/16603966847525-380x215.jpg 380w, https:\/\/www.journalducameroun.com\/wp-content\/uploads\/2022\/08\/16603966847525-160x90.jpg 160w, https:\/\/www.journalducameroun.com\/wp-content\/uploads\/2022\/08\/16603966847525-240x135.jpg 240w, https:\/\/www.journalducameroun.com\/wp-content\/uploads\/2022\/08\/16603966847525-600x337.jpg 600w\" sizes=\"auto, (max-width: 731px) 100vw, 731px\"><\/p>\n<p>L&rsquo;histoire montre que les manifestations en Sierra Leone sont g\u00e9n\u00e9ralement violentes, quel que soit le parti politique au pouvoir ou le pr\u00e9sident en exercice.Les manifestations meurtri\u00e8res qui ont secou\u00e9 la Sierra Leone le 10 ao\u00fbt 2022 laissent penser que le pays n&rsquo;a pas beaucoup progress\u00e9 en mati\u00e8re d&rsquo;\u00e9ducation civique et de d\u00e9veloppement du capital humain.<\/p>\n<p>\u00a0Les Sierra L\u00e9onais ont toujours entendu parler de toutes sortes de belles choses, comme leurs droits \u00e0 la vie et \u00e0 la libert\u00e9, \u00e0 la libert\u00e9 d&rsquo;opinion et d&rsquo;expression, et leurs droits au travail, \u00e0 l&rsquo;\u00e9ducation, \u00e0 l&rsquo;acc\u00e8s \u00e0 l&rsquo;information et \u00e0 la participation aux d\u00e9cisions qui affectent leur vie, etc.\u00a0<\/p>\n<p>Cependant, de nombreux Sierra-L\u00e9onais ont du mal \u00e0 comprendre o\u00f9 s&rsquo;arr\u00eatent leurs droits et o\u00f9 commencent ceux de leurs compatriotes. Le manque de connaissances sur les droits et les responsabilit\u00e9s a souvent conduit les citoyens \u00e0 se faire justice eux-m\u00eames, notamment lors des violentes manifestations d&rsquo;hier qui ont fait deux morts parmi les policiers et cinq parmi les civils, ainsi que des destructions massives de biens, selon les m\u00e9dias locaux.\u00a0<\/p>\n<p>En outre, le manque de connaissances a \u00e9t\u00e9 combl\u00e9 par des int\u00e9r\u00eats priv\u00e9s tels que les observateurs sur les r\u00e9seaux sociaux qui pr\u00eachent toujours les droits des citoyens sans \u00e9duquer leur public sur leurs responsabilit\u00e9s au sein de la soci\u00e9t\u00e9. Ceux qui d\u00e9tournent les r\u00e9cits nationaux pour leurs int\u00e9r\u00eats personnels ont consid\u00e9rablement augment\u00e9 le nombre de leurs abonn\u00e9s sur les r\u00e9seaux sociaux, ce qui leur donne le pouvoir d&rsquo;appeler \u00e0 des manifestations violentes.\u00a0<\/p>\n<p>L&rsquo;histoire montre que les manifestations en Sierra Leone sont g\u00e9n\u00e9ralement violentes, quel que soit le parti politique au pouvoir ou le pr\u00e9sident en exercice. Par cons\u00e9quent, la police est toujours nerveuse lorsqu&rsquo;il s&rsquo;agit de donner la permission aux manifestants.\u00a0<\/p>\n<p>\u00a0<\/p>\n<p>En outre, la Sierra Leone a \u00e9t\u00e9 tr\u00e8s lente \u00e0 employer des m\u00e9thodologies de recherche qui encouragent l&rsquo;\u00e9ducation civique et comblent le foss\u00e9 des connaissances parmi les citoyens, en particulier les jeunes qui constituent la majorit\u00e9 de la population.<\/p>\n<p>\u00a0<\/p>\n<p>Deuxi\u00e8mement, la profonde division entre les Sierra-L\u00e9onais, notamment entre les partis politiques, a rendu difficile l&rsquo;\u00e9laboration d&rsquo;un r\u00e9cit national ou d&rsquo;un consensus politique qui emp\u00eache les int\u00e9r\u00eats priv\u00e9s de d\u00e9tenir un pouvoir et un territoire \u00e9tendus. La politique du jeu \u00e0 somme nulle s&rsquo;est av\u00e9r\u00e9e destructrice pour la majorit\u00e9 des Sierra-L\u00e9onais.\u00a0<\/p>\n<p>\u00a0<\/p>\n<p>Cependant, le pays, dont l&rsquo;\u00e9conomie peine \u00e0 se redresser depuis la chute spectaculaire des prix des minerais au d\u00e9but des ann\u00e9es 2010 avant que l&rsquo;\u00e9pid\u00e9mie d&rsquo;Ebola ne mette un terme aux activit\u00e9s d&rsquo;extraction en 2014, ne peut se permettre l&rsquo;ins\u00e9curit\u00e9 \u00e0 un moment o\u00f9 la monnaie est faible, la productivit\u00e9 faible et l&rsquo;inflation \u00e9lev\u00e9e, la crise \u00e9nerg\u00e9tique mondiale, la pand\u00e9mie mondiale de COVID-19 et la guerre Russie-Ukraine.\u00a0<\/p>\n<p>\u00a0<\/p>\n<p>Les images de violence, \u00e0 travers le pays, qui sont devenues virales sur les r\u00e9seaux sociaux hier risquent de faire fuir les investisseurs et les touristes potentiels dont le pays a d\u00e9sesp\u00e9r\u00e9ment besoin pour relancer le Leone, la monnaie locale qui a subi une forte d\u00e9pr\u00e9ciation par rapport au dollar am\u00e9ricain depuis bien trop longtemps.\u00a0<\/p>\n<p>\u00a0<\/p>\n<p>Par cons\u00e9quent, nous devrons cr\u00e9er un r\u00e9cit national ou parvenir \u00e0 un consensus politique selon lequel la s\u00e9curit\u00e9 est le mot d&rsquo;ordre avant les \u00e9lections g\u00e9n\u00e9rales des prochaines ann\u00e9es. En d&rsquo;autres termes, l&rsquo;\u00e9ducation civique sur la responsabilit\u00e9 des citoyens dans la promotion de la paix et de la s\u00e9curit\u00e9 devra combler le d\u00e9ficit de connaissances.<\/p>\n<p>Cet article <a rel=\"nofollow\" href=\"https:\/\/www.journalducameroun.com\/s-leone-pourquoi-les-manifestants-sont-ils-en-colere-contre-ladministration-bio\/\">S\/Leone : Pourquoi les manifestants sont-ils en col\u00e8re contre l\u2019administration Bio ?<\/a> est apparu en premier sur <a rel=\"nofollow\" href=\"https:\/\/www.journalducameroun.com\/\">Journal du Cameroun<\/a>.<\/p>\n<\/div>\n<p>Auteur: APA News<br \/>\n<a href=\"https:\/\/www.journalducameroun.com\/s-leone-pourquoi-les-manifestants-sont-ils-en-colere-contre-ladministration-bio\/\">Cliquez ici pour lire l&rsquo;article depuis sa source.<\/a><\/p>\n","protected":false},"excerpt":{"rendered":"<p>L&rsquo;histoire montre que les manifestations en Sierra Leone sont g\u00e9n\u00e9ralement violentes, quel que soit le parti politique au pouvoir ou le pr\u00e9sident en exercice.Les manifestations meurtri\u00e8res qui ont secou\u00e9 la Sierra Leone le 10 ao\u00fbt 2022 laissent penser que le pays n&rsquo;a pas beaucoup progress\u00e9 en mati\u00e8re d&rsquo;\u00e9ducation civique et de d\u00e9veloppement du capital humain. [&hellip;]<\/p>\n","protected":false},"author":1965,"featured_media":0,"comment_status":"closed","ping_status":"closed","sticky":false,"template":"","format":"standard","meta":{"fifu_image_url":"https:\/\/www.journalducameroun.com\/wp-content\/uploads\/2022\/08\/16603966847525.jpg","fifu_image_alt":"S\/Leone : Pourquoi les manifestants sont-ils en col\u00e8re contre l\u2019administration Bio ?","footnotes":""},"categories":[73,82],"tags":[],"class_list":["post-154897","post","type-post","status-publish","format-standard","hentry","category-actualite","category-cameroun"],"_links":{"self":[{"href":"https:\/\/linitiative.ca\/International\/wp-json\/wp\/v2\/posts\/154897","targetHints":{"allow":["GET"]}}],"collection":[{"href":"https:\/\/linitiative.ca\/International\/wp-json\/wp\/v2\/posts"}],"about":[{"href":"https:\/\/linitiative.ca\/International\/wp-json\/wp\/v2\/types\/post"}],"author":[{"embeddable":true,"href":"https:\/\/linitiative.ca\/International\/wp-json\/wp\/v2\/users\/1965"}],"replies":[{"embeddable":true,"href":"https:\/\/linitiative.ca\/International\/wp-json\/wp\/v2\/comments?post=154897"}],"version-history":[{"count":0,"href":"https:\/\/linitiative.ca\/International\/wp-json\/wp\/v2\/posts\/154897\/revisions"}],"wp:attachment":[{"href":"https:\/\/linitiative.ca\/International\/wp-json\/wp\/v2\/media?parent=154897"}],"wp:term":[{"taxonomy":"category","embeddable":true,"href":"https:\/\/linitiative.ca\/International\/wp-json\/wp\/v2\/categories?post=154897"},{"taxonomy":"post_tag","embeddable":true,"href":"https:\/\/linitiative.ca\/International\/wp-json\/wp\/v2\/tags?post=154897"}],"curies":[{"name":"wp","href":"https:\/\/api.w.org\/{rel}","templated":true}]}}