{"id":154901,"date":"2022-08-13T13:18:03","date_gmt":"2022-08-13T17:18:03","guid":{"rendered":"https:\/\/linitiative.ca\/International\/mali-reprise-lundi-des-rotations-des-contingents-de-la-minusma\/"},"modified":"2022-08-13T13:18:03","modified_gmt":"2022-08-13T17:18:03","slug":"mali-reprise-lundi-des-rotations-des-contingents-de-la-minusma","status":"publish","type":"post","link":"https:\/\/linitiative.ca\/International\/mali-reprise-lundi-des-rotations-des-contingents-de-la-minusma\/","title":{"rendered":"Mali: Reprise lundi des rotations des contingents de la Minusma"},"content":{"rendered":"<div>\n<p><img decoding=\"async\" width=\"300\" height=\"168\" src=\"https:\/\/linitiative.ca\/International\/wp-content\/uploads\/sites\/23\/2022\/08\/16604110846408.jpg\" class=\"attachment-post-thumbnail size-post-thumbnail wp-post-image\" alt=\"\" loading=\"lazy\" srcset=\"https:\/\/linitiative.ca\/International\/wp-content\/uploads\/sites\/23\/2022\/08\/16604110846408.jpg 300w, https:\/\/www.journalducameroun.com\/wp-content\/uploads\/2022\/08\/16604110846408-780x440.jpg 780w, https:\/\/www.journalducameroun.com\/wp-content\/uploads\/2022\/08\/16604110846408-160x90.jpg 160w, https:\/\/www.journalducameroun.com\/wp-content\/uploads\/2022\/08\/16604110846408-240x135.jpg 240w\" sizes=\"auto, (max-width: 300px) 100vw, 300px\"><\/p>\n<p>Les rotations des contingents de la Mission de l&rsquo;ONU au Mali (Minusma), suspendues depuis un mois, reprendront, lundi avec un nouveau m\u00e9canisme d&rsquo;approbation, a annonc\u00e9, samedi, le ministre malien des Affaires \u00e9trang\u00e8res, Abdoulaye Diop, une information confirm\u00e9e par la Minusma.\u00a0\u00bbLa Minusma a marqu\u00e9 son accord sur les nouvelles proc\u00e9dures et les a communiqu\u00e9es \u00e0 tous les pays contributeurs de troupes. Il n&rsquo;y aura pas d&rsquo;exception\u00a0\u00bb, a d\u00e9clar\u00e9 M. Diop.<\/p>\n<p>Avant, les contingents \u00ab\u00a0nous saisissaient directement. On a mis un terme \u00e0 cela. Toutes les demandes doivent d\u00e9sormais passer par la Minusma qui doit les valider et transmettre aux Affaires \u00e9trang\u00e8res par note verbale\u00a0\u00bb, a pr\u00e9cis\u00e9 le chef de la diplomatie malienne. \u00ab\u00a0Il est pr\u00e9vu que les rotations recommencent d\u00e8s ce lundi\u00a0\u00bb, a confirm\u00e9, de son c\u00f4t\u00e9, Myriam Dessables, porte-parole de la Minusma.<\/p>\n<p>Les rotations des contingents militaires et policiers de la Minusma avaient \u00e9t\u00e9 suspendues, le 14 juillet pour une dur\u00e9e ind\u00e9termin\u00e9e en raison du \u00ab\u00a0contexte de s\u00e9curit\u00e9 nationale\u00a0\u00bb.<\/p>\n<p>Vendredi, l&rsquo;Allemagne avait annonc\u00e9 suspendre \u00ab\u00a0jusqu&rsquo;\u00e0 nouvel ordre\u00a0\u00bb la majeure partie de ses op\u00e9rations militaires au Mali dans le cadre de la Minusma, en d\u00e9non\u00e7ant un nouveau refus de survol par les autorit\u00e9s maliennes.<\/p>\n<p>Cet article <a rel=\"nofollow\" href=\"https:\/\/www.journalducameroun.com\/mali-reprise-lundi-des-rotations-des-contingents-de-la-minusma\/\">Mali: Reprise lundi des rotations des contingents de la Minusma<\/a> est apparu en premier sur <a rel=\"nofollow\" href=\"https:\/\/www.journalducameroun.com\/\">Journal du Cameroun<\/a>.<\/p>\n<\/div>\n<p>Auteur: APA News<br \/>\n<a href=\"https:\/\/www.journalducameroun.com\/mali-reprise-lundi-des-rotations-des-contingents-de-la-minusma\/\">Cliquez ici pour lire l&rsquo;article depuis sa source.<\/a><\/p>\n","protected":false},"excerpt":{"rendered":"<p>Les rotations des contingents de la Mission de l&rsquo;ONU au Mali (Minusma), suspendues depuis un mois, reprendront, lundi avec un nouveau m\u00e9canisme d&rsquo;approbation, a annonc\u00e9, samedi, le ministre malien des Affaires \u00e9trang\u00e8res, Abdoulaye Diop, une information confirm\u00e9e par la Minusma.\u00a0\u00bbLa Minusma a marqu\u00e9 son accord sur les nouvelles proc\u00e9dures et les a communiqu\u00e9es \u00e0 tous [&hellip;]<\/p>\n","protected":false},"author":1965,"featured_media":0,"comment_status":"closed","ping_status":"closed","sticky":false,"template":"","format":"standard","meta":{"fifu_image_url":"https:\/\/www.journalducameroun.com\/wp-content\/uploads\/2022\/08\/16604110846408.jpg","fifu_image_alt":"Mali: Reprise lundi des rotations des contingents de la Minusma","footnotes":""},"categories":[73,82],"tags":[],"class_list":["post-154901","post","type-post","status-publish","format-standard","hentry","category-actualite","category-cameroun"],"_links":{"self":[{"href":"https:\/\/linitiative.ca\/International\/wp-json\/wp\/v2\/posts\/154901","targetHints":{"allow":["GET"]}}],"collection":[{"href":"https:\/\/linitiative.ca\/International\/wp-json\/wp\/v2\/posts"}],"about":[{"href":"https:\/\/linitiative.ca\/International\/wp-json\/wp\/v2\/types\/post"}],"author":[{"embeddable":true,"href":"https:\/\/linitiative.ca\/International\/wp-json\/wp\/v2\/users\/1965"}],"replies":[{"embeddable":true,"href":"https:\/\/linitiative.ca\/International\/wp-json\/wp\/v2\/comments?post=154901"}],"version-history":[{"count":0,"href":"https:\/\/linitiative.ca\/International\/wp-json\/wp\/v2\/posts\/154901\/revisions"}],"wp:attachment":[{"href":"https:\/\/linitiative.ca\/International\/wp-json\/wp\/v2\/media?parent=154901"}],"wp:term":[{"taxonomy":"category","embeddable":true,"href":"https:\/\/linitiative.ca\/International\/wp-json\/wp\/v2\/categories?post=154901"},{"taxonomy":"post_tag","embeddable":true,"href":"https:\/\/linitiative.ca\/International\/wp-json\/wp\/v2\/tags?post=154901"}],"curies":[{"name":"wp","href":"https:\/\/api.w.org\/{rel}","templated":true}]}}