{"id":154903,"date":"2022-08-13T13:18:03","date_gmt":"2022-08-13T17:18:03","guid":{"rendered":"https:\/\/linitiative.ca\/International\/le-president-macky-sall-en-visite-au-mali-lundi-prochain\/"},"modified":"2022-08-13T13:18:03","modified_gmt":"2022-08-13T17:18:03","slug":"le-president-macky-sall-en-visite-au-mali-lundi-prochain","status":"publish","type":"post","link":"https:\/\/linitiative.ca\/International\/le-president-macky-sall-en-visite-au-mali-lundi-prochain\/","title":{"rendered":"Le pr\u00e9sident Macky Sall en visite au Mali lundi prochain"},"content":{"rendered":"<div>\n<p><img decoding=\"async\" width=\"300\" height=\"168\" src=\"https:\/\/linitiative.ca\/International\/wp-content\/uploads\/sites\/23\/2022\/08\/16604110835626.jpg\" class=\"attachment-post-thumbnail size-post-thumbnail wp-post-image\" alt=\"\" loading=\"lazy\" srcset=\"https:\/\/linitiative.ca\/International\/wp-content\/uploads\/sites\/23\/2022\/08\/16604110835626.jpg 300w, https:\/\/www.journalducameroun.com\/wp-content\/uploads\/2022\/08\/16604110835626-780x440.jpg 780w, https:\/\/www.journalducameroun.com\/wp-content\/uploads\/2022\/08\/16604110835626-160x90.jpg 160w, https:\/\/www.journalducameroun.com\/wp-content\/uploads\/2022\/08\/16604110835626-240x135.jpg 240w\" sizes=\"auto, (max-width: 300px) 100vw, 300px\"><\/p>\n<p>Le pr\u00e9sident s\u00e9n\u00e9galais, Macky Sall, pr\u00e9sident en exercice de l&rsquo;Union africaine (UA), effectuera une visite officielle au Mali \u00e0 partir de lundi prochain, a indiqu\u00e9 une source de la pr\u00e9sidence malienne, cit\u00e9e par des m\u00e9dias.\u00a0Cette visite de travail est la premi\u00e8re du pr\u00e9sident s\u00e9n\u00e9galais au Mali depuis la prise du pouvoir par le pr\u00e9sident de la transition, Assimi Go\u00efta en mai 2021, a ajout\u00e9 la m\u00eame source.\u00a0<\/p>\n<p>Elle est annonc\u00e9e au moment o\u00f9 l&rsquo;Allemagne a d\u00e9cid\u00e9 de suspendre \u00ab\u00a0jusqu&rsquo;\u00e0 nouvel ordre\u00a0\u00bb la majeure partie de ses op\u00e9rations militaires au Mali dans le cadre de la mission de l&rsquo;ONU, la Minusma (Mission Multidimensionnelle Int\u00e9gr\u00e9e des Nations Unies pour la Stabilisation au Mali).\u00a0<\/p>\n<p>Vendredi, la ministre f\u00e9d\u00e9rale de la D\u00e9fense allemande, Christine Lambrecht, a indiqu\u00e9 que \u00ab\u00a0le gouvernement malien a encore une fois refus\u00e9 d&rsquo;autoriser un vol pr\u00e9vu aujourd&rsquo;hui\u00a0\u00bb qui devait assurer une rotation de personnel.<\/p>\n<p>Cet article <a rel=\"nofollow\" href=\"https:\/\/www.journalducameroun.com\/le-president-macky-sall-en-visite-au-mali-lundi-prochain\/\">Le pr\u00e9sident Macky Sall en visite au Mali lundi prochain<\/a> est apparu en premier sur <a rel=\"nofollow\" href=\"https:\/\/www.journalducameroun.com\/\">Journal du Cameroun<\/a>.<\/p>\n<\/div>\n<p>Auteur: APA News<br \/>\n<a href=\"https:\/\/www.journalducameroun.com\/le-president-macky-sall-en-visite-au-mali-lundi-prochain\/\">Cliquez ici pour lire l&rsquo;article depuis sa source.<\/a><\/p>\n","protected":false},"excerpt":{"rendered":"<p>Le pr\u00e9sident s\u00e9n\u00e9galais, Macky Sall, pr\u00e9sident en exercice de l&rsquo;Union africaine (UA), effectuera une visite officielle au Mali \u00e0 partir de lundi prochain, a indiqu\u00e9 une source de la pr\u00e9sidence malienne, cit\u00e9e par des m\u00e9dias.\u00a0Cette visite de travail est la premi\u00e8re du pr\u00e9sident s\u00e9n\u00e9galais au Mali depuis la prise du pouvoir par le pr\u00e9sident de [&hellip;]<\/p>\n","protected":false},"author":1965,"featured_media":0,"comment_status":"closed","ping_status":"closed","sticky":false,"template":"","format":"standard","meta":{"fifu_image_url":"https:\/\/www.journalducameroun.com\/wp-content\/uploads\/2022\/08\/16604110835626.jpg","fifu_image_alt":"Le pr\u00e9sident Macky Sall en visite au Mali lundi prochain","footnotes":""},"categories":[73,82],"tags":[],"class_list":["post-154903","post","type-post","status-publish","format-standard","hentry","category-actualite","category-cameroun"],"_links":{"self":[{"href":"https:\/\/linitiative.ca\/International\/wp-json\/wp\/v2\/posts\/154903","targetHints":{"allow":["GET"]}}],"collection":[{"href":"https:\/\/linitiative.ca\/International\/wp-json\/wp\/v2\/posts"}],"about":[{"href":"https:\/\/linitiative.ca\/International\/wp-json\/wp\/v2\/types\/post"}],"author":[{"embeddable":true,"href":"https:\/\/linitiative.ca\/International\/wp-json\/wp\/v2\/users\/1965"}],"replies":[{"embeddable":true,"href":"https:\/\/linitiative.ca\/International\/wp-json\/wp\/v2\/comments?post=154903"}],"version-history":[{"count":0,"href":"https:\/\/linitiative.ca\/International\/wp-json\/wp\/v2\/posts\/154903\/revisions"}],"wp:attachment":[{"href":"https:\/\/linitiative.ca\/International\/wp-json\/wp\/v2\/media?parent=154903"}],"wp:term":[{"taxonomy":"category","embeddable":true,"href":"https:\/\/linitiative.ca\/International\/wp-json\/wp\/v2\/categories?post=154903"},{"taxonomy":"post_tag","embeddable":true,"href":"https:\/\/linitiative.ca\/International\/wp-json\/wp\/v2\/tags?post=154903"}],"curies":[{"name":"wp","href":"https:\/\/api.w.org\/{rel}","templated":true}]}}