{"id":154905,"date":"2022-08-13T13:09:27","date_gmt":"2022-08-13T17:09:27","guid":{"rendered":"https:\/\/linitiative.ca\/International\/14-aout-1979-14-aout-2022-43eme-anniversaire-de-la-recuperation-doued-eddahab\/"},"modified":"2022-08-13T13:09:27","modified_gmt":"2022-08-13T17:09:27","slug":"14-aout-1979-14-aout-2022-43eme-anniversaire-de-la-recuperation-doued-eddahab","status":"publish","type":"post","link":"https:\/\/linitiative.ca\/International\/14-aout-1979-14-aout-2022-43eme-anniversaire-de-la-recuperation-doued-eddahab\/","title":{"rendered":"14 ao\u00fbt 1979 \u2013 14 ao\u00fbt 2022: 43\u00e8me anniversaire de la r\u00e9cup\u00e9ration d\u2019Oued Eddahab"},"content":{"rendered":"<div>\n<p><img decoding=\"async\" width=\"300\" height=\"153\" src=\"https:\/\/linitiative.ca\/International\/wp-content\/uploads\/sites\/23\/2022\/08\/Oued-Eddahab-300x153-1.jpg\" class=\"attachment-medium size-medium wp-post-image\" alt=\"\" loading=\"lazy\" srcset=\"https:\/\/linitiative.ca\/International\/wp-content\/uploads\/sites\/23\/2022\/08\/Oued-Eddahab-300x153-1.jpg 300w, https:\/\/aujourdhui.ma\/wp-content\/uploads\/2021\/08\/Oued-Eddahab-274x140.jpg 274w, https:\/\/aujourdhui.ma\/wp-content\/uploads\/2021\/08\/Oued-Eddahab.jpg 746w, https:\/\/aujourdhui.ma\/wp-content\/uploads\/2021\/08\/Oued-Eddahab-165x84.jpg 165w, https:\/\/aujourdhui.ma\/wp-content\/uploads\/2021\/08\/Oued-Eddahab-702x358.jpg 702w\" sizes=\"auto, (max-width: 300px) 100vw, 300px\"><\/p>\n<p><span style=\"font-size: 20px; color: #800000;\"><strong>La r\u00e9cup\u00e9ration de la province d\u2019Oued Eddahab en 1979 constitue une \u00e9tape historique phare dans le processus de parach\u00e8vement de l\u2019ind\u00e9pendance et de l\u2019int\u00e9grit\u00e9 territoriale du Royaume.<\/strong><\/span><span id=\"more-415458\"><\/span><\/p>\n<p>La comm\u00e9moration dimanche du 43\u00e8me anniversaire de cet \u00e9v\u00e8nement est l\u2019occasion de mettre en avant la mobilisation des Marocains et leur vigilance constante autour de la premi\u00e8re cause nationale, indique un communiqu\u00e9 du Haut-Commissariat aux anciens r\u00e9sistants et anciens membres de l\u2019arm\u00e9e de lib\u00e9ration (HCAR).<\/p>\n<p>En date du 14 ao\u00fbt 1979, les oul\u00e9mas, les notables et les chefs de tribus de la province d\u2019Oued Eddahab s\u2019\u00e9taient rendus au Palais royal de Rabat pour pr\u00e9senter \u00e0 Feu SM Hassan II leur serment d\u2019all\u00e9geance et r\u00e9affirmer leurs liens d\u2019attachement ind\u00e9fectible au Glorieux Tr\u00f4ne alaouite.<\/p>\n<p>Par cet acte solennel et hautement patriotique, les habitants de Oued Eddahab ont signifi\u00e9 qu\u2019ils ne braderaient jamais leur identit\u00e9 marocaine, en affirmant au monde entier que le Sahara a toujours \u00e9t\u00e9 marocain et qu\u2019il le restera pour toujours, en d\u00e9pit des man\u0153uvres des adversaires.<\/p>\n<p>Ce fut un moment historique immortalis\u00e9 par l\u2019allocution dans laquelle le regrett\u00e9 Souverain avait affirm\u00e9: \u00ab\u00a0Nous venons de recevoir, en ce jour b\u00e9ni, votre serment d\u2019all\u00e9geance, que Nous pr\u00e9serverons et conserverons pr\u00e9cieusement, comme un d\u00e9p\u00f4t sacr\u00e9. D\u00e9sormais, vous devez honorer ce serment. De Notre c\u00f4t\u00e9, Nous faisons \u00e9galement un devoir de garantir votre d\u00e9fense et votre s\u00e9curit\u00e9 et d\u2019\u0153uvrer sans rel\u00e2che pour votre bien-\u00eatre. Soyez donc, Mes chers fils, les bienvenus au sein de votre patrie. Rendons gr\u00e2ce au Tout-Puissant de Nous avoir combl\u00e9s de ses bienfaits en rattachant le Sud de Notre pays \u00e0 sa patrie Nord et en restaurant les liens de sang entre ses fils\u00a0\u00bb.<\/p>\n<p>Lors de cette c\u00e9r\u00e9monie, Feu SM Hassan II avait \u00e9galement proc\u00e9d\u00e9 \u00e0 la distribution d\u2019armes aux repr\u00e9sentants des tribus, un geste fort et symbolique de la poursuite de la lutte pour la d\u00e9fense de l\u2019int\u00e9grit\u00e9 territoriale et l\u2019instauration de la s\u00e9curit\u00e9 dans les provinces r\u00e9cup\u00e9r\u00e9es.<\/p>\n<\/div>\n<p>Auteur: ALM<br \/>\n<a href=\"https:\/\/aujourdhui.ma\/actualite\/14-aout-1979-14-aout-2022-43eme-anniversaire-de-la-recuperation-doued-eddahab\">Cliquez ici pour lire l&rsquo;article depuis sa source.<\/a><\/p>\n","protected":false},"excerpt":{"rendered":"<p>La r\u00e9cup\u00e9ration de la province d\u2019Oued Eddahab en 1979 constitue une \u00e9tape historique phare dans le processus de parach\u00e8vement de l\u2019ind\u00e9pendance et de l\u2019int\u00e9grit\u00e9 territoriale du Royaume. La comm\u00e9moration dimanche du 43\u00e8me anniversaire de cet \u00e9v\u00e8nement est l\u2019occasion de mettre en avant la mobilisation des Marocains et leur vigilance constante autour de la premi\u00e8re cause [&hellip;]<\/p>\n","protected":false},"author":1759,"featured_media":0,"comment_status":"closed","ping_status":"closed","sticky":false,"template":"","format":"standard","meta":{"fifu_image_url":"https:\/\/aujourdhui.ma\/wp-content\/uploads\/2021\/08\/Oued-Eddahab-300x153.jpg","fifu_image_alt":"14 ao\u00fbt 1979 \u2013 14 ao\u00fbt 2022: 43\u00e8me anniversaire de la r\u00e9cup\u00e9ration d\u2019Oued Eddahab","footnotes":""},"categories":[73,54],"tags":[],"class_list":["post-154905","post","type-post","status-publish","format-standard","hentry","category-actualite","category-maroc"],"_links":{"self":[{"href":"https:\/\/linitiative.ca\/International\/wp-json\/wp\/v2\/posts\/154905","targetHints":{"allow":["GET"]}}],"collection":[{"href":"https:\/\/linitiative.ca\/International\/wp-json\/wp\/v2\/posts"}],"about":[{"href":"https:\/\/linitiative.ca\/International\/wp-json\/wp\/v2\/types\/post"}],"author":[{"embeddable":true,"href":"https:\/\/linitiative.ca\/International\/wp-json\/wp\/v2\/users\/1759"}],"replies":[{"embeddable":true,"href":"https:\/\/linitiative.ca\/International\/wp-json\/wp\/v2\/comments?post=154905"}],"version-history":[{"count":0,"href":"https:\/\/linitiative.ca\/International\/wp-json\/wp\/v2\/posts\/154905\/revisions"}],"wp:attachment":[{"href":"https:\/\/linitiative.ca\/International\/wp-json\/wp\/v2\/media?parent=154905"}],"wp:term":[{"taxonomy":"category","embeddable":true,"href":"https:\/\/linitiative.ca\/International\/wp-json\/wp\/v2\/categories?post=154905"},{"taxonomy":"post_tag","embeddable":true,"href":"https:\/\/linitiative.ca\/International\/wp-json\/wp\/v2\/tags?post=154905"}],"curies":[{"name":"wp","href":"https:\/\/api.w.org\/{rel}","templated":true}]}}