{"id":154922,"date":"2022-08-14T03:05:17","date_gmt":"2022-08-14T07:05:17","guid":{"rendered":"https:\/\/linitiative.ca\/International\/marrakech-les-opportunites-dinvestissement-presentees-aux-mre\/"},"modified":"2022-08-14T03:05:17","modified_gmt":"2022-08-14T07:05:17","slug":"marrakech-les-opportunites-dinvestissement-presentees-aux-mre","status":"publish","type":"post","link":"https:\/\/linitiative.ca\/International\/marrakech-les-opportunites-dinvestissement-presentees-aux-mre\/","title":{"rendered":"Marrakech: Les opportunit\u00e9s d\u2019investissement pr\u00e9sent\u00e9es aux MRE"},"content":{"rendered":"<div>\n<div class=\"field field-name-body field-type-text-with-summary field-label-hidden\">\n<div class=\"field-items\">\n<div class=\"field-item even\" property=\"content:encoded\">\n<p class=\"rtejustify\">Les opportunit\u00e9s et les m\u00e9canismes d&rsquo;incitation \u00e0 l\u2019investissement dans la r\u00e9gion Marrakech-Safi ont \u00e9t\u00e9 au centre d\u2019un forum, organis\u00e9 samedi \u00e0 Marrakech, en faveur des Marocains du Monde porteurs de projets d\u2019investissement, \u00e0 l\u2019occasion de la journ\u00e9e nationale des Marocains r\u00e9sidant \u00e0 l\u2019\u00e9tranger (MRE).<\/p>\n<\/div>\n<\/div>\n<\/div>\n<\/div>\n<p>Auteur: hgueye<br \/>\n<a href=\"https:\/\/www.leconomiste.com\/flash-infos\/marrakech-les-opportunites-d-investissement-presentees-aux-mre\">Cliquez ici pour lire l&rsquo;article depuis sa source.<\/a><\/p>\n","protected":false},"excerpt":{"rendered":"<p>Les opportunit\u00e9s et les m\u00e9canismes d&rsquo;incitation \u00e0 l\u2019investissement dans la r\u00e9gion Marrakech-Safi ont \u00e9t\u00e9 au centre d\u2019un forum, organis\u00e9 samedi \u00e0 Marrakech, en faveur des Marocains du Monde porteurs de projets d\u2019investissement, \u00e0 l\u2019occasion de la journ\u00e9e nationale des Marocains r\u00e9sidant \u00e0 l\u2019\u00e9tranger (MRE). Auteur: hgueye Cliquez ici pour lire l&rsquo;article depuis sa source.<\/p>\n","protected":false},"author":1763,"featured_media":0,"comment_status":"closed","ping_status":"closed","sticky":false,"template":"","format":"standard","meta":{"fifu_image_url":"","fifu_image_alt":"","footnotes":""},"categories":[78,54],"tags":[],"class_list":["post-154922","post","type-post","status-publish","format-standard","hentry","category-economie","category-maroc"],"_links":{"self":[{"href":"https:\/\/linitiative.ca\/International\/wp-json\/wp\/v2\/posts\/154922","targetHints":{"allow":["GET"]}}],"collection":[{"href":"https:\/\/linitiative.ca\/International\/wp-json\/wp\/v2\/posts"}],"about":[{"href":"https:\/\/linitiative.ca\/International\/wp-json\/wp\/v2\/types\/post"}],"author":[{"embeddable":true,"href":"https:\/\/linitiative.ca\/International\/wp-json\/wp\/v2\/users\/1763"}],"replies":[{"embeddable":true,"href":"https:\/\/linitiative.ca\/International\/wp-json\/wp\/v2\/comments?post=154922"}],"version-history":[{"count":0,"href":"https:\/\/linitiative.ca\/International\/wp-json\/wp\/v2\/posts\/154922\/revisions"}],"wp:attachment":[{"href":"https:\/\/linitiative.ca\/International\/wp-json\/wp\/v2\/media?parent=154922"}],"wp:term":[{"taxonomy":"category","embeddable":true,"href":"https:\/\/linitiative.ca\/International\/wp-json\/wp\/v2\/categories?post=154922"},{"taxonomy":"post_tag","embeddable":true,"href":"https:\/\/linitiative.ca\/International\/wp-json\/wp\/v2\/tags?post=154922"}],"curies":[{"name":"wp","href":"https:\/\/api.w.org\/{rel}","templated":true}]}}