{"id":154939,"date":"2022-08-14T04:10:00","date_gmt":"2022-08-14T08:10:00","guid":{"rendered":"https:\/\/linitiative.ca\/International\/abdelmajid-chetali-le-talent-la-passion-la-gloire\/"},"modified":"2022-08-14T04:10:00","modified_gmt":"2022-08-14T08:10:00","slug":"abdelmajid-chetali-le-talent-la-passion-la-gloire","status":"publish","type":"post","link":"https:\/\/linitiative.ca\/International\/abdelmajid-chetali-le-talent-la-passion-la-gloire\/","title":{"rendered":"Abdelmajid Ch\u00e9tali: Le talent, la passion, la gloire\u2026"},"content":{"rendered":"<div><img decoding=\"async\" src=\"https:\/\/linitiative.ca\/International\/wp-content\/uploads\/sites\/23\/2022\/08\/1660430653_article.jpg\" alt=\"Abdelmajid Ch\u00e9tali: Le talent, la passion, la gloire\u2026\" align=\"left\">Cet ouvrage est le fruit d\u2019une longue gestation. Un jour de 2014, Abdelmajid Ch\u00e9tali m\u2019informa, chez lui \u00e0 Sousse, que plusieurs personnes dans le domaine de l\u2019\u00e9dition et du journalisme ont sollicit\u00e9 son accord pour lui consacrer un livre relatant sa longue et brillante carri\u00e8re, ajoutant que tout en les remerciant de leur int\u00e9r\u00eat, il ne pouvait y r\u00e9pondre favorablement. La raison ? Il estime que cette mission doit m\u2019incomber pour restituer sa carri\u00e8re telle qu\u2019il l\u2019a v\u00e9cue, sentie et accomplie, l\u2019ayant accompagn\u00e9 de pr\u00e8s, \u00e0 plusieurs titres, depuis mon incursion dans le journalisme sportif en 1973. L\u2019\u00e9change n\u2019a pas \u00e9t\u00e9 suivi d\u2019une r\u00e9activit\u00e9 de ma &#8230;<\/p>\n<\/div>\n<p>Auteur:<br \/>\n<a href=\"https:\/\/www.leaders.com.tn\/article\/33706-abdelmajid-chetali-le-talent-la-passion-la-gloire\">Cliquez ici pour lire l&rsquo;article depuis sa source.<\/a><\/p>\n","protected":false},"excerpt":{"rendered":"<p>Cet ouvrage est le fruit d\u2019une longue gestation. Un jour de 2014, Abdelmajid Ch\u00e9tali m\u2019informa, chez lui \u00e0 Sousse, que plusieurs personnes dans le domaine de l\u2019\u00e9dition et du journalisme ont sollicit\u00e9 son accord pour lui consacrer un livre relatant sa longue et brillante carri\u00e8re, ajoutant que tout en les remerciant de leur int\u00e9r\u00eat, il [&hellip;]<\/p>\n","protected":false},"author":1772,"featured_media":0,"comment_status":"closed","ping_status":"closed","sticky":false,"template":"","format":"standard","meta":{"fifu_image_url":"http:\/\/www.leaders.com.tn\/uploads\/content\/thumbnails_small\/1660430653_article.jpg","fifu_image_alt":"Abdelmajid Ch\u00e9tali: Le talent, la passion, la gloire\u2026","footnotes":""},"categories":[73,55],"tags":[],"class_list":["post-154939","post","type-post","status-publish","format-standard","hentry","category-actualite","category-tunisie"],"_links":{"self":[{"href":"https:\/\/linitiative.ca\/International\/wp-json\/wp\/v2\/posts\/154939","targetHints":{"allow":["GET"]}}],"collection":[{"href":"https:\/\/linitiative.ca\/International\/wp-json\/wp\/v2\/posts"}],"about":[{"href":"https:\/\/linitiative.ca\/International\/wp-json\/wp\/v2\/types\/post"}],"author":[{"embeddable":true,"href":"https:\/\/linitiative.ca\/International\/wp-json\/wp\/v2\/users\/1772"}],"replies":[{"embeddable":true,"href":"https:\/\/linitiative.ca\/International\/wp-json\/wp\/v2\/comments?post=154939"}],"version-history":[{"count":0,"href":"https:\/\/linitiative.ca\/International\/wp-json\/wp\/v2\/posts\/154939\/revisions"}],"wp:attachment":[{"href":"https:\/\/linitiative.ca\/International\/wp-json\/wp\/v2\/media?parent=154939"}],"wp:term":[{"taxonomy":"category","embeddable":true,"href":"https:\/\/linitiative.ca\/International\/wp-json\/wp\/v2\/categories?post=154939"},{"taxonomy":"post_tag","embeddable":true,"href":"https:\/\/linitiative.ca\/International\/wp-json\/wp\/v2\/tags?post=154939"}],"curies":[{"name":"wp","href":"https:\/\/api.w.org\/{rel}","templated":true}]}}