{"id":154941,"date":"2022-08-14T15:40:00","date_gmt":"2022-08-14T19:40:00","guid":{"rendered":"https:\/\/linitiative.ca\/International\/deces-de-mounir-hachicha-un-pionnier-de-la-reassurance-tunisienne-arabe-et-africaine\/"},"modified":"2022-08-14T15:40:00","modified_gmt":"2022-08-14T19:40:00","slug":"deces-de-mounir-hachicha-un-pionnier-de-la-reassurance-tunisienne-arabe-et-africaine","status":"publish","type":"post","link":"https:\/\/linitiative.ca\/International\/deces-de-mounir-hachicha-un-pionnier-de-la-reassurance-tunisienne-arabe-et-africaine\/","title":{"rendered":"D\u00e9c\u00e8s de Mounir Hachicha, un pionnier de la r\u00e9assurance tunisienne, arabe et africaine"},"content":{"rendered":"<div><img decoding=\"async\" src=\"https:\/\/linitiative.ca\/International\/wp-content\/uploads\/sites\/23\/2022\/08\/1660502404_article.jpg\" alt=\"D\u00e9c\u00e8s de Mounir Hachicha, un pionnier de la r\u00e9assurance tunisienne, arabe et africaine\" align=\"left\">La famille de la r\u00e9assurance tunisienne, arabe et africaine vient de perdre l\u2019une de ses figures de proue, avec le d\u00e9c\u00e8s dimanche apr\u00e8s-midi de Mounir Hachicha. Apr\u00e8s des \u00e9tudes en expertise comptable \u00e0 Toulouse, il avait rejoint, en 1977, la direction g\u00e9n\u00e9rale des Assurances au minist\u00e8re des Finances o\u00f9 il fera ses premi\u00e8res armes aux c\u00f4t\u00e9s de Taoufik Driss, Hamed Guermazi, Abderrahmane Fatmi et autres illustres grands commis de l\u2019Etat, sp\u00e9cialis\u00e9s.<br \/>\nCharg\u00e9 en\u00a01981de cr\u00e9er la soci\u00e9t\u00e9 tunisienne de r\u00e9assurance, Tunis R\u00e9, Taoufik Driss s\u2019adjoindra Mounir Hachicha pour monter la compagnie, avec Mohamed Khaled et une \u00e9quipe tr\u00e8s r\u00e9duite. Rapidement, Tunis R\u00e9 &#8230;<\/p>\n<\/div>\n<p>Auteur:<br \/>\n<a href=\"https:\/\/www.leaders.com.tn\/article\/33707-deces-de-mounir-hachicha-un-pionnier-de-la-reassurance-tunisienne-arabe-et-africaine\">Cliquez ici pour lire l&rsquo;article depuis sa source.<\/a><\/p>\n","protected":false},"excerpt":{"rendered":"<p>La famille de la r\u00e9assurance tunisienne, arabe et africaine vient de perdre l\u2019une de ses figures de proue, avec le d\u00e9c\u00e8s dimanche apr\u00e8s-midi de Mounir Hachicha. Apr\u00e8s des \u00e9tudes en expertise comptable \u00e0 Toulouse, il avait rejoint, en 1977, la direction g\u00e9n\u00e9rale des Assurances au minist\u00e8re des Finances o\u00f9 il fera ses premi\u00e8res armes aux [&hellip;]<\/p>\n","protected":false},"author":1772,"featured_media":0,"comment_status":"closed","ping_status":"closed","sticky":false,"template":"","format":"standard","meta":{"fifu_image_url":"http:\/\/www.leaders.com.tn\/uploads\/content\/thumbnails_small\/1660502404_article.jpg","fifu_image_alt":"D\u00e9c\u00e8s de Mounir Hachicha, un pionnier de la r\u00e9assurance tunisienne, arabe et africaine","footnotes":""},"categories":[73,55],"tags":[],"class_list":["post-154941","post","type-post","status-publish","format-standard","hentry","category-actualite","category-tunisie"],"_links":{"self":[{"href":"https:\/\/linitiative.ca\/International\/wp-json\/wp\/v2\/posts\/154941","targetHints":{"allow":["GET"]}}],"collection":[{"href":"https:\/\/linitiative.ca\/International\/wp-json\/wp\/v2\/posts"}],"about":[{"href":"https:\/\/linitiative.ca\/International\/wp-json\/wp\/v2\/types\/post"}],"author":[{"embeddable":true,"href":"https:\/\/linitiative.ca\/International\/wp-json\/wp\/v2\/users\/1772"}],"replies":[{"embeddable":true,"href":"https:\/\/linitiative.ca\/International\/wp-json\/wp\/v2\/comments?post=154941"}],"version-history":[{"count":0,"href":"https:\/\/linitiative.ca\/International\/wp-json\/wp\/v2\/posts\/154941\/revisions"}],"wp:attachment":[{"href":"https:\/\/linitiative.ca\/International\/wp-json\/wp\/v2\/media?parent=154941"}],"wp:term":[{"taxonomy":"category","embeddable":true,"href":"https:\/\/linitiative.ca\/International\/wp-json\/wp\/v2\/categories?post=154941"},{"taxonomy":"post_tag","embeddable":true,"href":"https:\/\/linitiative.ca\/International\/wp-json\/wp\/v2\/tags?post=154941"}],"curies":[{"name":"wp","href":"https:\/\/api.w.org\/{rel}","templated":true}]}}