{"id":154946,"date":"2022-08-14T15:53:27","date_gmt":"2022-08-14T19:53:27","guid":{"rendered":"https:\/\/linitiative.ca\/International\/macron-se-rend-en-algerie-la-fin-de-ce-mois\/"},"modified":"2022-08-14T15:53:27","modified_gmt":"2022-08-14T19:53:27","slug":"macron-se-rend-en-algerie-la-fin-de-ce-mois","status":"publish","type":"post","link":"https:\/\/linitiative.ca\/International\/macron-se-rend-en-algerie-la-fin-de-ce-mois\/","title":{"rendered":"Macron se rend en Alg\u00e9rie la fin de ce mois"},"content":{"rendered":"<div>\n<p>Selon une source diplomatique, Emmanuel Macron se rendra \u00e0 Alger le 25 ao\u00fbt pour une visite d\u2019une journ\u00e9e. Le pr\u00e9sident alg\u00e9rien, Abdelmajid Tebboune, avait envoy\u00e9 une invitation \u00e0 son homologue fran\u00e7ais le 25 avril, \u00e0 l\u2019occasion de sa r\u00e9\u00e9lection \u00e0 la pr\u00e9sidence, faisant allusion \u00e0 une \u00ab\u00a0relation personnelle empreinte de confiance et d\u2019amiti\u00e9\u00a0\u00bb entre les [\u2026]<\/p>\n<p>L\u2019article <a href=\"https:\/\/www.tunisienumerique.com\/macron-se-rend-en-algerie-la-fin-de-ce-mois\/\">Macron se rend en Alg\u00e9rie la fin de ce mois<\/a> est apparu en premier sur <a href=\"https:\/\/www.tunisienumerique.com\/\">Tunisie<\/a>.<\/p>\n<\/div>\n<p>Auteur: LM<br \/>\n<a href=\"https:\/\/www.tunisienumerique.com\/macron-se-rend-en-algerie-la-fin-de-ce-mois\/\">Cliquez ici pour lire l&rsquo;article depuis sa source.<\/a><\/p>\n","protected":false},"excerpt":{"rendered":"<p>Selon une source diplomatique, Emmanuel Macron se rendra \u00e0 Alger le 25 ao\u00fbt pour une visite d\u2019une journ\u00e9e. Le pr\u00e9sident alg\u00e9rien, Abdelmajid Tebboune, avait envoy\u00e9 une invitation \u00e0 son homologue fran\u00e7ais le 25 avril, \u00e0 l\u2019occasion de sa r\u00e9\u00e9lection \u00e0 la pr\u00e9sidence, faisant allusion \u00e0 une \u00ab\u00a0relation personnelle empreinte de confiance et d\u2019amiti\u00e9\u00a0\u00bb entre les [&hellip;]<\/p>\n","protected":false},"author":1789,"featured_media":0,"comment_status":"closed","ping_status":"closed","sticky":false,"template":"","format":"standard","meta":{"fifu_image_url":"","fifu_image_alt":"","footnotes":""},"categories":[73,55],"tags":[],"class_list":["post-154946","post","type-post","status-publish","format-standard","hentry","category-actualite","category-tunisie"],"_links":{"self":[{"href":"https:\/\/linitiative.ca\/International\/wp-json\/wp\/v2\/posts\/154946","targetHints":{"allow":["GET"]}}],"collection":[{"href":"https:\/\/linitiative.ca\/International\/wp-json\/wp\/v2\/posts"}],"about":[{"href":"https:\/\/linitiative.ca\/International\/wp-json\/wp\/v2\/types\/post"}],"author":[{"embeddable":true,"href":"https:\/\/linitiative.ca\/International\/wp-json\/wp\/v2\/users\/1789"}],"replies":[{"embeddable":true,"href":"https:\/\/linitiative.ca\/International\/wp-json\/wp\/v2\/comments?post=154946"}],"version-history":[{"count":0,"href":"https:\/\/linitiative.ca\/International\/wp-json\/wp\/v2\/posts\/154946\/revisions"}],"wp:attachment":[{"href":"https:\/\/linitiative.ca\/International\/wp-json\/wp\/v2\/media?parent=154946"}],"wp:term":[{"taxonomy":"category","embeddable":true,"href":"https:\/\/linitiative.ca\/International\/wp-json\/wp\/v2\/categories?post=154946"},{"taxonomy":"post_tag","embeddable":true,"href":"https:\/\/linitiative.ca\/International\/wp-json\/wp\/v2\/tags?post=154946"}],"curies":[{"name":"wp","href":"https:\/\/api.w.org\/{rel}","templated":true}]}}