{"id":154947,"date":"2022-08-14T16:07:41","date_gmt":"2022-08-14T20:07:41","guid":{"rendered":"https:\/\/linitiative.ca\/International\/tunisie-un-garcon-de-se-suicide-apres-le-refus-de-sa-famille-de-lui-payer-la-migration-clandestine\/"},"modified":"2022-08-14T16:07:41","modified_gmt":"2022-08-14T20:07:41","slug":"tunisie-un-garcon-de-se-suicide-apres-le-refus-de-sa-famille-de-lui-payer-la-migration-clandestine","status":"publish","type":"post","link":"https:\/\/linitiative.ca\/International\/tunisie-un-garcon-de-se-suicide-apres-le-refus-de-sa-famille-de-lui-payer-la-migration-clandestine\/","title":{"rendered":"Tunisie \u2013 Un gar\u00e7on de se suicide apr\u00e8s le refus de sa famille de lui payer la migration clandestine"},"content":{"rendered":"<div>\n<p>Un jeune gar\u00e7on de 15 ans, originaire de la zone de Cherarda, du gouvernorat de Kairouan, s\u2019est donn\u00e9 la mort en se pendant \u00e0 un olivier devant sa maison. Il s\u2019est suicid\u00e9 apr\u00e8s que sa famille ait refus\u00e9 de lui donner 6 mille dinars pour payer une op\u00e9ration de migration clandestine.<\/p>\n<p>L\u2019article <a href=\"https:\/\/www.tunisienumerique.com\/tunisie-un-garcon-de-se-suicide-apres-le-refus-de-sa-famille-de-lui-payer-la-migration-clandestine\/\">Tunisie \u2013 Un gar\u00e7on de se suicide apr\u00e8s le refus de sa famille de lui payer la migration clandestine<\/a> est apparu en premier sur <a href=\"https:\/\/www.tunisienumerique.com\/\">Tunisie<\/a>.<\/p>\n<\/div>\n<p>Auteur: LM<br \/>\n<a href=\"https:\/\/www.tunisienumerique.com\/tunisie-un-garcon-de-se-suicide-apres-le-refus-de-sa-famille-de-lui-payer-la-migration-clandestine\/\">Cliquez ici pour lire l&rsquo;article depuis sa source.<\/a><\/p>\n","protected":false},"excerpt":{"rendered":"<p>Un jeune gar\u00e7on de 15 ans, originaire de la zone de Cherarda, du gouvernorat de Kairouan, s\u2019est donn\u00e9 la mort en se pendant \u00e0 un olivier devant sa maison. Il s\u2019est suicid\u00e9 apr\u00e8s que sa famille ait refus\u00e9 de lui donner 6 mille dinars pour payer une op\u00e9ration de migration clandestine. L\u2019article Tunisie \u2013 Un [&hellip;]<\/p>\n","protected":false},"author":1789,"featured_media":0,"comment_status":"closed","ping_status":"closed","sticky":false,"template":"","format":"standard","meta":{"fifu_image_url":"","fifu_image_alt":"","footnotes":""},"categories":[73,55],"tags":[],"class_list":["post-154947","post","type-post","status-publish","format-standard","hentry","category-actualite","category-tunisie"],"_links":{"self":[{"href":"https:\/\/linitiative.ca\/International\/wp-json\/wp\/v2\/posts\/154947","targetHints":{"allow":["GET"]}}],"collection":[{"href":"https:\/\/linitiative.ca\/International\/wp-json\/wp\/v2\/posts"}],"about":[{"href":"https:\/\/linitiative.ca\/International\/wp-json\/wp\/v2\/types\/post"}],"author":[{"embeddable":true,"href":"https:\/\/linitiative.ca\/International\/wp-json\/wp\/v2\/users\/1789"}],"replies":[{"embeddable":true,"href":"https:\/\/linitiative.ca\/International\/wp-json\/wp\/v2\/comments?post=154947"}],"version-history":[{"count":0,"href":"https:\/\/linitiative.ca\/International\/wp-json\/wp\/v2\/posts\/154947\/revisions"}],"wp:attachment":[{"href":"https:\/\/linitiative.ca\/International\/wp-json\/wp\/v2\/media?parent=154947"}],"wp:term":[{"taxonomy":"category","embeddable":true,"href":"https:\/\/linitiative.ca\/International\/wp-json\/wp\/v2\/categories?post=154947"},{"taxonomy":"post_tag","embeddable":true,"href":"https:\/\/linitiative.ca\/International\/wp-json\/wp\/v2\/tags?post=154947"}],"curies":[{"name":"wp","href":"https:\/\/api.w.org\/{rel}","templated":true}]}}