{"id":154950,"date":"2022-08-14T15:20:45","date_gmt":"2022-08-14T19:20:45","guid":{"rendered":"https:\/\/linitiative.ca\/International\/presidentielle-kenyane-attention-au-remake-de-2017\/"},"modified":"2022-08-14T15:20:45","modified_gmt":"2022-08-14T19:20:45","slug":"presidentielle-kenyane-attention-au-remake-de-2017","status":"publish","type":"post","link":"https:\/\/linitiative.ca\/International\/presidentielle-kenyane-attention-au-remake-de-2017\/","title":{"rendered":"PRESIDENTIELLE KENYANE : Attention au remake de 2017 !"},"content":{"rendered":"<div>\n<p><img loading=\"lazy\" decoding=\"async\" width=\"1024\" height=\"682\" src=\"https:\/\/lepays.bf\/wp-content\/uploads\/2022\/08\/KENYA.webp\" class=\"attachment- size- wp-post-image\" alt=\"\" style=\"float:left; margin:0 15px 15px 0;\" srcset=\"https:\/\/lepays.bf\/wp-content\/uploads\/2022\/08\/KENYA.webp 1024w, https:\/\/lepays.bf\/wp-content\/uploads\/2022\/08\/KENYA-300x200.webp 300w, https:\/\/lepays.bf\/wp-content\/uploads\/2022\/08\/KENYA-150x100.webp 150w, https:\/\/lepays.bf\/wp-content\/uploads\/2022\/08\/KENYA-768x512.webp 768w, https:\/\/lepays.bf\/wp-content\/uploads\/2022\/08\/KENYA-128x86.webp 128w\" sizes=\"auto, (max-width: 1024px) 100vw, 1024px\">Pr\u00e8s d\u2019une semaine apr\u00e8s la pr\u00e9sidentielle du 9 aout dernier, les K\u00e9nyans s\u2019impatientaient de connaitre le nom de leur nouveau pr\u00e9sident c\u2019est-\u00e0-dire celui-l\u00e0 qui succ\u00e8dera \u00e0 Uhuru K\u00e9nyata qui, \u00e0 l\u2019issue de ses deux mandats constitutionnels, a d\u00e9cid\u00e9 de faire valoir ses droits \u00e0 la [\u2026]<\/p>\n<p>L\u2019article <a rel=\"nofollow\" href=\"https:\/\/lepays.bf\/presidentielle-kenyane-attention-au-remake-de-2017\/\">PRESIDENTIELLE KENYANE : Attention au remake de 2017 !<\/a> est apparu en premier sur <a rel=\"nofollow\" href=\"https:\/\/lepays.bf\/\">Editions Le Pays<\/a>.<\/p>\n<\/div>\n<p>Auteur: Editions LEPAYS<br \/>\n<a href=\"https:\/\/lepays.bf\/presidentielle-kenyane-attention-au-remake-de-2017\/\">Cliquez ici pour lire l&rsquo;article depuis sa source.<\/a><\/p>\n","protected":false},"excerpt":{"rendered":"<p>Pr\u00e8s d\u2019une semaine apr\u00e8s la pr\u00e9sidentielle du 9 aout dernier, les K\u00e9nyans s\u2019impatientaient de connaitre le nom de leur nouveau pr\u00e9sident c\u2019est-\u00e0-dire celui-l\u00e0 qui succ\u00e8dera \u00e0 Uhuru K\u00e9nyata qui, \u00e0 l\u2019issue de ses deux mandats constitutionnels, a d\u00e9cid\u00e9 de faire valoir ses droits \u00e0 la [\u2026] L\u2019article PRESIDENTIELLE KENYANE : Attention au remake de 2017 [&hellip;]<\/p>\n","protected":false},"author":1813,"featured_media":0,"comment_status":"closed","ping_status":"closed","sticky":false,"template":"","format":"standard","meta":{"fifu_image_url":"https:\/\/lepays.bf\/wp-content\/uploads\/2022\/08\/KENYA.webp","fifu_image_alt":"PRESIDENTIELLE KENYANE : Attention au remake de 2017 !","footnotes":""},"categories":[73,81],"tags":[],"class_list":["post-154950","post","type-post","status-publish","format-standard","hentry","category-actualite","category-burkina-faso"],"_links":{"self":[{"href":"https:\/\/linitiative.ca\/International\/wp-json\/wp\/v2\/posts\/154950","targetHints":{"allow":["GET"]}}],"collection":[{"href":"https:\/\/linitiative.ca\/International\/wp-json\/wp\/v2\/posts"}],"about":[{"href":"https:\/\/linitiative.ca\/International\/wp-json\/wp\/v2\/types\/post"}],"author":[{"embeddable":true,"href":"https:\/\/linitiative.ca\/International\/wp-json\/wp\/v2\/users\/1813"}],"replies":[{"embeddable":true,"href":"https:\/\/linitiative.ca\/International\/wp-json\/wp\/v2\/comments?post=154950"}],"version-history":[{"count":0,"href":"https:\/\/linitiative.ca\/International\/wp-json\/wp\/v2\/posts\/154950\/revisions"}],"wp:attachment":[{"href":"https:\/\/linitiative.ca\/International\/wp-json\/wp\/v2\/media?parent=154950"}],"wp:term":[{"taxonomy":"category","embeddable":true,"href":"https:\/\/linitiative.ca\/International\/wp-json\/wp\/v2\/categories?post=154950"},{"taxonomy":"post_tag","embeddable":true,"href":"https:\/\/linitiative.ca\/International\/wp-json\/wp\/v2\/tags?post=154950"}],"curies":[{"name":"wp","href":"https:\/\/api.w.org\/{rel}","templated":true}]}}