{"id":154951,"date":"2022-08-13T18:18:03","date_gmt":"2022-08-13T22:18:03","guid":{"rendered":"https:\/\/linitiative.ca\/International\/mali-le-premier-ministre-admis-dans-une-clinique-a-bamako\/"},"modified":"2022-08-13T18:18:03","modified_gmt":"2022-08-13T22:18:03","slug":"mali-le-premier-ministre-admis-dans-une-clinique-a-bamako","status":"publish","type":"post","link":"https:\/\/linitiative.ca\/International\/mali-le-premier-ministre-admis-dans-une-clinique-a-bamako\/","title":{"rendered":"Mali: Le Premier ministre admis dans une clinique \u00e0 Bamako"},"content":{"rendered":"<div>\n<p><img decoding=\"async\" width=\"300\" height=\"168\" src=\"https:\/\/linitiative.ca\/International\/wp-content\/uploads\/sites\/23\/2022\/08\/16604290836632.jpg\" class=\"attachment-post-thumbnail size-post-thumbnail wp-post-image\" alt=\"\" loading=\"lazy\" srcset=\"https:\/\/linitiative.ca\/International\/wp-content\/uploads\/sites\/23\/2022\/08\/16604290836632.jpg 300w, https:\/\/www.journalducameroun.com\/wp-content\/uploads\/2022\/08\/16604290836632-780x440.jpg 780w, https:\/\/www.journalducameroun.com\/wp-content\/uploads\/2022\/08\/16604290836632-160x90.jpg 160w, https:\/\/www.journalducameroun.com\/wp-content\/uploads\/2022\/08\/16604290836632-240x135.jpg 240w\" sizes=\"auto, (max-width: 300px) 100vw, 300px\"><\/p>\n<p>Le Premier ministre malien, Choguel Kokalla Ma\u00efga a \u00e9t\u00e9 admis dans une clinique \u00e0 Bamako. Il souffre d&rsquo;un malaise s\u00e9rieux. Son \u00e9tat de sant\u00e9 s&rsquo;am\u00e9liore.Le Premier ministre malien, Choguel Kokalla Ma\u00efga, a \u00e9t\u00e9 hospitalis\u00e9 dans une clinique de Bamako apr\u00e8s avoir eu un malaise, ont indiqu\u00e9 l&rsquo;un de ses conseillers et un m\u00e9decin de la clinique o\u00f9 il a \u00e9t\u00e9 admis.<\/p>\n<p>\u00ab\u00a0Le Premier ministre Choguel Ma\u00efga est effectivement admis dans une clinique priv\u00e9e de Bamako. Il a eu un l\u00e9ger malaise. Je peux vous dire qu&rsquo;\u00e0 ce stade, \u00e7a va. Il est sous surveillance m\u00e9dicale\u00a0\u00bb, a dit l&rsquo;un de ses conseillers sp\u00e9ciaux.<\/p>\n<p>\u00ab\u00a0Le Premier ministre malien a \u00e9t\u00e9 admis aujourd&rsquo;hui (samedi) dans notre clinique pour un malaise s\u00e9rieux. Je peux vous dire qu&rsquo;il r\u00e9cup\u00e8re plut\u00f4t bien\u00a0\u00bb, a \u00e9galement fait savoir un m\u00e9decin de cet \u00e9tablissement de sant\u00e9.<\/p>\n<p>\u00ab\u00a0Apr\u00e8s 14 mois de travail sans r\u00e9pit, le Premier ministre, chef du gouvernement, Choguel Kokalla Ma\u00efga, a \u00e9t\u00e9 mis en repos forc\u00e9 par son m\u00e9decin\u00a0\u00bb, a confirm\u00e9 la Primature sur sa page Facebook. \u00ab\u00a0Il reprendra ses activit\u00e9s la semaine prochaine\u00a0\u00bb, ajoute-t-on de m\u00eame source.<\/p>\n<p>Choguel Kokalla Ma\u00efga, 64 ans, plusieurs fois ministres et trois fois candidat \u00e0 la pr\u00e9sidentielle (2002, 2013 et 2018), avait \u00e9t\u00e9 nomm\u00e9 chef de gouvernement le 7 juin 2021 par le pr\u00e9sident de la transition au Mali, Assimi Go\u00efta.<\/p>\n<p>Cet article <a rel=\"nofollow\" href=\"https:\/\/www.journalducameroun.com\/mali-le-premier-ministre-admis-dans-une-clinique-a-bamako\/\">Mali: Le Premier ministre admis dans une clinique \u00e0 Bamako<\/a> est apparu en premier sur <a rel=\"nofollow\" href=\"https:\/\/www.journalducameroun.com\/\">Journal du Cameroun<\/a>.<\/p>\n<\/div>\n<p>Auteur: APA News<br \/>\n<a href=\"https:\/\/www.journalducameroun.com\/mali-le-premier-ministre-admis-dans-une-clinique-a-bamako\/\">Cliquez ici pour lire l&rsquo;article depuis sa source.<\/a><\/p>\n","protected":false},"excerpt":{"rendered":"<p>Le Premier ministre malien, Choguel Kokalla Ma\u00efga a \u00e9t\u00e9 admis dans une clinique \u00e0 Bamako. Il souffre d&rsquo;un malaise s\u00e9rieux. Son \u00e9tat de sant\u00e9 s&rsquo;am\u00e9liore.Le Premier ministre malien, Choguel Kokalla Ma\u00efga, a \u00e9t\u00e9 hospitalis\u00e9 dans une clinique de Bamako apr\u00e8s avoir eu un malaise, ont indiqu\u00e9 l&rsquo;un de ses conseillers et un m\u00e9decin de la [&hellip;]<\/p>\n","protected":false},"author":1965,"featured_media":0,"comment_status":"closed","ping_status":"closed","sticky":false,"template":"","format":"standard","meta":{"fifu_image_url":"https:\/\/www.journalducameroun.com\/wp-content\/uploads\/2022\/08\/16604290836632.jpg","fifu_image_alt":"Mali: Le Premier ministre admis dans une clinique \u00e0 Bamako","footnotes":""},"categories":[73,82],"tags":[],"class_list":["post-154951","post","type-post","status-publish","format-standard","hentry","category-actualite","category-cameroun"],"_links":{"self":[{"href":"https:\/\/linitiative.ca\/International\/wp-json\/wp\/v2\/posts\/154951","targetHints":{"allow":["GET"]}}],"collection":[{"href":"https:\/\/linitiative.ca\/International\/wp-json\/wp\/v2\/posts"}],"about":[{"href":"https:\/\/linitiative.ca\/International\/wp-json\/wp\/v2\/types\/post"}],"author":[{"embeddable":true,"href":"https:\/\/linitiative.ca\/International\/wp-json\/wp\/v2\/users\/1965"}],"replies":[{"embeddable":true,"href":"https:\/\/linitiative.ca\/International\/wp-json\/wp\/v2\/comments?post=154951"}],"version-history":[{"count":0,"href":"https:\/\/linitiative.ca\/International\/wp-json\/wp\/v2\/posts\/154951\/revisions"}],"wp:attachment":[{"href":"https:\/\/linitiative.ca\/International\/wp-json\/wp\/v2\/media?parent=154951"}],"wp:term":[{"taxonomy":"category","embeddable":true,"href":"https:\/\/linitiative.ca\/International\/wp-json\/wp\/v2\/categories?post=154951"},{"taxonomy":"post_tag","embeddable":true,"href":"https:\/\/linitiative.ca\/International\/wp-json\/wp\/v2\/tags?post=154951"}],"curies":[{"name":"wp","href":"https:\/\/api.w.org\/{rel}","templated":true}]}}