{"id":15499,"date":"2019-02-19T05:00:00","date_gmt":"2019-02-19T10:00:00","guid":{"rendered":"https:\/\/linitiative.ca\/International\/lauteur-presume-du-meurtre-dassil-auditionne-par-le-juge-dinstruction\/"},"modified":"2019-02-19T05:00:00","modified_gmt":"2019-02-19T10:00:00","slug":"lauteur-presume-du-meurtre-dassil-auditionne-par-le-juge-dinstruction","status":"publish","type":"post","link":"https:\/\/linitiative.ca\/International\/lauteur-presume-du-meurtre-dassil-auditionne-par-le-juge-dinstruction\/","title":{"rendered":"L\u2019auteur pr\u00e9sum\u00e9 du meurtre d\u2019Assil auditionn\u00e9 par le juge d\u2019instruction"},"content":{"rendered":"<div id=\"originalText\" readability=\"42\">\n<p>L&rsquo;auteur pr\u00e9sum\u00e9 du meurtre de l&rsquo;\u00e9tudiant Assil Belalta a comparu, hier matin, devant le procureur de la R\u00e9publique pr\u00e8s le tribunal de Bir Mourad-Ra\u00efs \u00e0 Alger, lequel l&rsquo;a d\u00e9f\u00e9r\u00e9 au juge d&rsquo;instruction pr\u00e8s le m\u00eame tribunal pour l&rsquo;auditionner concernant les faits qui lui sont reproch\u00e9s, a-t-on appris aupr\u00e8s d&rsquo;une source judiciaire.<br \/>Le procureur de la R\u00e9publique et le juge d&rsquo;instruction ont auditionn\u00e9, \u00e0 huis clos, le mis en cause dans le meurtre de l&rsquo;\u00e9tudiant Assil Belalta, a fait savoir la m\u00eame source sans donner plus de d\u00e9tails sur le d\u00e9roulement de l&rsquo;enqu\u00eate judiciaire.<\/p>\n<\/div>\n<div id=\"text_core\" readability=\"42\">\n<p>L&rsquo;auteur pr\u00e9sum\u00e9 du meurtre de l&rsquo;\u00e9tudiant Assil Belalta a comparu, hier matin, devant le procureur de la R\u00e9publique pr\u00e8s le tribunal de Bir Mourad-Ra\u00efs \u00e0 Alger, lequel l&rsquo;a d\u00e9f\u00e9r\u00e9 au juge d&rsquo;instruction pr\u00e8s le m\u00eame tribunal pour l&rsquo;auditionner concernant les faits qui lui sont reproch\u00e9s, a-t-on appris aupr\u00e8s d&rsquo;une source judiciaire.<br \/>Le procureur de la R\u00e9publique et le juge d&rsquo;instruction ont auditionn\u00e9, \u00e0 huis clos, le mis en cause dans le meurtre de l&rsquo;\u00e9tudiant Assil Belalta, a fait savoir la m\u00eame source sans donner plus de d\u00e9tails sur le d\u00e9roulement de l&rsquo;enqu\u00eate judiciaire.<\/p>\n<\/div>\n<p>Auteur:<br \/>\n<a href=\"https:\/\/www.liberte-algerie.com\/actualite\/lauteur-presume-du-meurtre-dassil-auditionne-par-le-juge-dinstruction-309767\">Cliquez ici pour lire l&rsquo;article depuis sa source.<\/a><\/p>\n","protected":false},"excerpt":{"rendered":"<p>L&rsquo;auteur pr\u00e9sum\u00e9 du meurtre de l&rsquo;\u00e9tudiant Assil Belalta a comparu, hier matin, devant le procureur de la R\u00e9publique pr\u00e8s le tribunal de Bir Mourad-Ra\u00efs \u00e0 Alger, lequel l&rsquo;a d\u00e9f\u00e9r\u00e9 au juge d&rsquo;instruction pr\u00e8s le m\u00eame tribunal pour l&rsquo;auditionner concernant les faits qui lui sont reproch\u00e9s, a-t-on appris aupr\u00e8s d&rsquo;une source judiciaire.Le procureur de la R\u00e9publique [&hellip;]<\/p>\n","protected":false},"author":1742,"featured_media":0,"comment_status":"closed","ping_status":"closed","sticky":false,"template":"","format":"standard","meta":{"fifu_image_url":"","fifu_image_alt":"","footnotes":""},"categories":[73,53],"tags":[],"class_list":["post-15499","post","type-post","status-publish","format-standard","hentry","category-actualite","category-algerie"],"_links":{"self":[{"href":"https:\/\/linitiative.ca\/International\/wp-json\/wp\/v2\/posts\/15499","targetHints":{"allow":["GET"]}}],"collection":[{"href":"https:\/\/linitiative.ca\/International\/wp-json\/wp\/v2\/posts"}],"about":[{"href":"https:\/\/linitiative.ca\/International\/wp-json\/wp\/v2\/types\/post"}],"author":[{"embeddable":true,"href":"https:\/\/linitiative.ca\/International\/wp-json\/wp\/v2\/users\/1742"}],"replies":[{"embeddable":true,"href":"https:\/\/linitiative.ca\/International\/wp-json\/wp\/v2\/comments?post=15499"}],"version-history":[{"count":0,"href":"https:\/\/linitiative.ca\/International\/wp-json\/wp\/v2\/posts\/15499\/revisions"}],"wp:attachment":[{"href":"https:\/\/linitiative.ca\/International\/wp-json\/wp\/v2\/media?parent=15499"}],"wp:term":[{"taxonomy":"category","embeddable":true,"href":"https:\/\/linitiative.ca\/International\/wp-json\/wp\/v2\/categories?post=15499"},{"taxonomy":"post_tag","embeddable":true,"href":"https:\/\/linitiative.ca\/International\/wp-json\/wp\/v2\/tags?post=15499"}],"curies":[{"name":"wp","href":"https:\/\/api.w.org\/{rel}","templated":true}]}}