{"id":154995,"date":"2022-08-15T03:00:00","date_gmt":"2022-08-15T07:00:00","guid":{"rendered":"https:\/\/linitiative.ca\/International\/nouveau-programme-ellevate-une-grande-opportunite-aux-femmes-entrepreneures-de-faire-aboutir-leurs-projets\/"},"modified":"2022-08-15T03:00:00","modified_gmt":"2022-08-15T07:00:00","slug":"nouveau-programme-ellevate-une-grande-opportunite-aux-femmes-entrepreneures-de-faire-aboutir-leurs-projets","status":"publish","type":"post","link":"https:\/\/linitiative.ca\/International\/nouveau-programme-ellevate-une-grande-opportunite-aux-femmes-entrepreneures-de-faire-aboutir-leurs-projets\/","title":{"rendered":"Nouveau programme ELLEvate : Une grande opportunit\u00e9 aux femmes entrepreneures de faire aboutir leurs projets"},"content":{"rendered":"<div><img decoding=\"async\" src=\"https:\/\/linitiative.ca\/International\/wp-content\/uploads\/sites\/23\/2022\/08\/1660561941_article.jpg\" alt=\"Nouveau programme ELLEvate : Une grande opportunit\u00e9 aux femmes entrepreneures de faire aboutir leurs projets \" align=\"left\">Permettre aux femmes tunisiennes de faire conna\u00eetre leurs projets, de partager leurs exp\u00e9riences de rencontrer des partenaires potentiels et d\u2019interagir avec les m\u00e9dias et la communaut\u00e9 d\u2019affaires : tel est l\u2019objectif du nouveau programme ELLEvate. Il s\u2019inscrit dans le cadre du Programme de Transformation Digitale, \u00e0 travers le soutien de l\u2019Initiative sp\u00e9ciale Formation &amp; Emploi \u00abInvest for Jobs\u00bb mandat\u00e9e par le Minist\u00e8re f\u00e9d\u00e9ral de la Coop\u00e9ration \u00e9conomique et du D\u00e9veloppement Bundesministerium f\u00fcr wirtschaftliche Zusammenarbeit und Entwicklung (BMZ). Sa mise en \u0153uvre est assur\u00e9e par la GIZ, en \u00e9troite collaboration avec l\u2019association Open Minds Project, &#8230;<\/p>\n<\/div>\n<p>Auteur:<br \/>\n<a href=\"https:\/\/www.leaders.com.tn\/article\/33710-nouveau-programme-ellevate-une-grande-opportunite-aux-femmes-entrepreneures-de-faire-aboutir-leurs-projets\">Cliquez ici pour lire l&rsquo;article depuis sa source.<\/a><\/p>\n","protected":false},"excerpt":{"rendered":"<p>Permettre aux femmes tunisiennes de faire conna\u00eetre leurs projets, de partager leurs exp\u00e9riences de rencontrer des partenaires potentiels et d\u2019interagir avec les m\u00e9dias et la communaut\u00e9 d\u2019affaires : tel est l\u2019objectif du nouveau programme ELLEvate. Il s\u2019inscrit dans le cadre du Programme de Transformation Digitale, \u00e0 travers le soutien de l\u2019Initiative sp\u00e9ciale Formation &amp; Emploi [&hellip;]<\/p>\n","protected":false},"author":1772,"featured_media":0,"comment_status":"closed","ping_status":"closed","sticky":false,"template":"","format":"standard","meta":{"fifu_image_url":"http:\/\/www.leaders.com.tn\/uploads\/content\/thumbnails_small\/1660561941_article.jpg","fifu_image_alt":"Nouveau programme ELLEvate : Une grande opportunit\u00e9 aux femmes entrepreneures de faire aboutir leurs projets","footnotes":""},"categories":[73,55],"tags":[],"class_list":["post-154995","post","type-post","status-publish","format-standard","hentry","category-actualite","category-tunisie"],"_links":{"self":[{"href":"https:\/\/linitiative.ca\/International\/wp-json\/wp\/v2\/posts\/154995","targetHints":{"allow":["GET"]}}],"collection":[{"href":"https:\/\/linitiative.ca\/International\/wp-json\/wp\/v2\/posts"}],"about":[{"href":"https:\/\/linitiative.ca\/International\/wp-json\/wp\/v2\/types\/post"}],"author":[{"embeddable":true,"href":"https:\/\/linitiative.ca\/International\/wp-json\/wp\/v2\/users\/1772"}],"replies":[{"embeddable":true,"href":"https:\/\/linitiative.ca\/International\/wp-json\/wp\/v2\/comments?post=154995"}],"version-history":[{"count":0,"href":"https:\/\/linitiative.ca\/International\/wp-json\/wp\/v2\/posts\/154995\/revisions"}],"wp:attachment":[{"href":"https:\/\/linitiative.ca\/International\/wp-json\/wp\/v2\/media?parent=154995"}],"wp:term":[{"taxonomy":"category","embeddable":true,"href":"https:\/\/linitiative.ca\/International\/wp-json\/wp\/v2\/categories?post=154995"},{"taxonomy":"post_tag","embeddable":true,"href":"https:\/\/linitiative.ca\/International\/wp-json\/wp\/v2\/tags?post=154995"}],"curies":[{"name":"wp","href":"https:\/\/api.w.org\/{rel}","templated":true}]}}