{"id":154997,"date":"2022-08-15T04:25:00","date_gmt":"2022-08-15T08:25:00","guid":{"rendered":"https:\/\/linitiative.ca\/International\/gaza-une-guerre-politique-qui-arrache-des-larmes-au-musicien-roger-waters\/"},"modified":"2022-08-15T04:25:00","modified_gmt":"2022-08-15T08:25:00","slug":"gaza-une-guerre-politique-qui-arrache-des-larmes-au-musicien-roger-waters","status":"publish","type":"post","link":"https:\/\/linitiative.ca\/International\/gaza-une-guerre-politique-qui-arrache-des-larmes-au-musicien-roger-waters\/","title":{"rendered":"Gaza : Une guerre politique qui arrache des larmes au musicien Roger Waters"},"content":{"rendered":"<div><img decoding=\"async\" src=\"https:\/\/linitiative.ca\/International\/wp-content\/uploads\/sites\/23\/2022\/08\/1660549037_article.jpg\" alt=\"Gaza : Une guerre politique qui arrache des larmes au musicien Roger Waters\" align=\"left\">Par Gideon Levy &#8211; \u00abRoger Waters \u2013 le fondateur du groupe de rock Pink Floyd- a pleur\u00e9 mercredi 10 ao\u00fbt 2022. C&rsquo;\u00e9tait sur sa page Twitter, alors qu&rsquo;il lisait, devant la cam\u00e9ra, un essai sur le site d&rsquo;information Mondoweiss la nuit pr\u00e9c\u00e9dente. Il s&rsquo;agissait du sort d\u2019un gar\u00e7on de la bande de Gaza.<br \/>\n\u00ab\u00a0J&rsquo;aimerais vraiment pouvoir me reposer, ou qu&rsquo;un psychologue m&rsquo;aide comme d&rsquo;autres personnes dans le monde qui souffrent des guerres\u00a0\u00bb, a d\u00e9clar\u00e9 Mohammed. \u00ab\u00a0Personne, pendant ou apr\u00e8s la guerre, ne me demande, \u00e0 moi ou \u00e0 ma famille, comment \u00e7a va\u00a0\u00bb.<br \/>\nMohammed est le soutien de sa famille, lui, un gar\u00e7on de 13 ans seulement. Et seuls ses pleurs, \u00e9crit Tareq Hajjaj, (Union des &#8230;<\/p>\n<\/div>\n<p>Auteur:<br \/>\n<a href=\"https:\/\/www.leaders.com.tn\/article\/33708-gaza-une-guerre-politique-qui-arrache-des-larmes-au-musicien-roger-waters\">Cliquez ici pour lire l&rsquo;article depuis sa source.<\/a><\/p>\n","protected":false},"excerpt":{"rendered":"<p>Par Gideon Levy &#8211; \u00abRoger Waters \u2013 le fondateur du groupe de rock Pink Floyd- a pleur\u00e9 mercredi 10 ao\u00fbt 2022. C&rsquo;\u00e9tait sur sa page Twitter, alors qu&rsquo;il lisait, devant la cam\u00e9ra, un essai sur le site d&rsquo;information Mondoweiss la nuit pr\u00e9c\u00e9dente. Il s&rsquo;agissait du sort d\u2019un gar\u00e7on de la bande de Gaza. \u00ab\u00a0J&rsquo;aimerais vraiment [&hellip;]<\/p>\n","protected":false},"author":1772,"featured_media":0,"comment_status":"closed","ping_status":"closed","sticky":false,"template":"","format":"standard","meta":{"fifu_image_url":"http:\/\/www.leaders.com.tn\/uploads\/content\/thumbnails_small\/1660549037_article.jpg","fifu_image_alt":"Gaza : Une guerre politique qui arrache des larmes au musicien Roger Waters","footnotes":""},"categories":[73,55],"tags":[],"class_list":["post-154997","post","type-post","status-publish","format-standard","hentry","category-actualite","category-tunisie"],"_links":{"self":[{"href":"https:\/\/linitiative.ca\/International\/wp-json\/wp\/v2\/posts\/154997","targetHints":{"allow":["GET"]}}],"collection":[{"href":"https:\/\/linitiative.ca\/International\/wp-json\/wp\/v2\/posts"}],"about":[{"href":"https:\/\/linitiative.ca\/International\/wp-json\/wp\/v2\/types\/post"}],"author":[{"embeddable":true,"href":"https:\/\/linitiative.ca\/International\/wp-json\/wp\/v2\/users\/1772"}],"replies":[{"embeddable":true,"href":"https:\/\/linitiative.ca\/International\/wp-json\/wp\/v2\/comments?post=154997"}],"version-history":[{"count":0,"href":"https:\/\/linitiative.ca\/International\/wp-json\/wp\/v2\/posts\/154997\/revisions"}],"wp:attachment":[{"href":"https:\/\/linitiative.ca\/International\/wp-json\/wp\/v2\/media?parent=154997"}],"wp:term":[{"taxonomy":"category","embeddable":true,"href":"https:\/\/linitiative.ca\/International\/wp-json\/wp\/v2\/categories?post=154997"},{"taxonomy":"post_tag","embeddable":true,"href":"https:\/\/linitiative.ca\/International\/wp-json\/wp\/v2\/tags?post=154997"}],"curies":[{"name":"wp","href":"https:\/\/api.w.org\/{rel}","templated":true}]}}