{"id":154999,"date":"2022-08-15T05:00:00","date_gmt":"2022-08-15T09:00:00","guid":{"rendered":"https:\/\/linitiative.ca\/International\/hedi-ben-abbes-president-de-la-chambre-de-commerce-et-dindustrie-tuniso-japonaise-ccitj-de-premiers-projets-seront-signes\/"},"modified":"2022-08-15T05:00:00","modified_gmt":"2022-08-15T09:00:00","slug":"hedi-ben-abbes-president-de-la-chambre-de-commerce-et-dindustrie-tuniso-japonaise-ccitj-de-premiers-projets-seront-signes","status":"publish","type":"post","link":"https:\/\/linitiative.ca\/International\/hedi-ben-abbes-president-de-la-chambre-de-commerce-et-dindustrie-tuniso-japonaise-ccitj-de-premiers-projets-seront-signes\/","title":{"rendered":"H\u00e9di Ben Abb\u00e8s, pr\u00e9sident de la Chambre de commerce et d\u2019industrie tuniso-japonaise (Ccitj): De premiers projets seront sign\u00e9s"},"content":{"rendered":"<div><img decoding=\"async\" src=\"https:\/\/linitiative.ca\/International\/wp-content\/uploads\/sites\/23\/2022\/08\/1660344601_article.jpg\" alt=\"H\u00e9di Ben Abb\u00e8s, pr\u00e9sident de la Chambre de commerce et d\u2019industrie tuniso-japonaise (Ccitj): De premiers projets seront sign\u00e9s\" align=\"left\">\u00abLa Ticad aborde un changement profond en focalisant sur le secteur priv\u00e9 et en encourageant les projets triangulaires entre pays africains, avec le soutien du Japon. C\u2019est l\u00e0 une excellente opportunit\u00e9 que nous nous employons \u00e0 saisir.\u00bb H\u00e9di Ben Abb\u00e8s, d\u00e9bordant d\u2019\u00e9nergie, accorde beaucoup d\u2019espoir dans cette conf\u00e9rence. Constituant, ancien secr\u00e9taire d\u2019Etat aupr\u00e8s du ministre des Affaires \u00e9trang\u00e8res et conseiller aupr\u00e8s du pr\u00e9sident de la R\u00e9publique, il est le pr\u00e9sident de la Chambre de commerce et d\u2019industrie tuniso-japonaise (Ccitj). En peu de temps, il a pu lui insuffler beaucoup de dynamisme.<br \/>\nSommaire du dossier Ticad 8<\/p>\n<p>\u2022 1 \u2022 Samir Sa\u00efed Ministre &#8230;<\/p>\n<\/div>\n<p>Auteur:<br \/>\n<a href=\"https:\/\/www.leaders.com.tn\/article\/33703-hedi-ben-abbes-president-de-la-chambre-de-commerce-et-d-industrie-tuniso-japonaise-ccitj-de-premiers-projets-seront-signes\">Cliquez ici pour lire l&rsquo;article depuis sa source.<\/a><\/p>\n","protected":false},"excerpt":{"rendered":"<p>\u00abLa Ticad aborde un changement profond en focalisant sur le secteur priv\u00e9 et en encourageant les projets triangulaires entre pays africains, avec le soutien du Japon. C\u2019est l\u00e0 une excellente opportunit\u00e9 que nous nous employons \u00e0 saisir.\u00bb H\u00e9di Ben Abb\u00e8s, d\u00e9bordant d\u2019\u00e9nergie, accorde beaucoup d\u2019espoir dans cette conf\u00e9rence. Constituant, ancien secr\u00e9taire d\u2019Etat aupr\u00e8s du ministre [&hellip;]<\/p>\n","protected":false},"author":1772,"featured_media":0,"comment_status":"closed","ping_status":"closed","sticky":false,"template":"","format":"standard","meta":{"fifu_image_url":"http:\/\/www.leaders.com.tn\/uploads\/content\/thumbnails_small\/1660344601_article.jpg","fifu_image_alt":"H\u00e9di Ben Abb\u00e8s, pr\u00e9sident de la Chambre de commerce et d\u2019industrie tuniso-japonaise (Ccitj): De premiers projets seront sign\u00e9s","footnotes":""},"categories":[73,55],"tags":[],"class_list":["post-154999","post","type-post","status-publish","format-standard","hentry","category-actualite","category-tunisie"],"_links":{"self":[{"href":"https:\/\/linitiative.ca\/International\/wp-json\/wp\/v2\/posts\/154999","targetHints":{"allow":["GET"]}}],"collection":[{"href":"https:\/\/linitiative.ca\/International\/wp-json\/wp\/v2\/posts"}],"about":[{"href":"https:\/\/linitiative.ca\/International\/wp-json\/wp\/v2\/types\/post"}],"author":[{"embeddable":true,"href":"https:\/\/linitiative.ca\/International\/wp-json\/wp\/v2\/users\/1772"}],"replies":[{"embeddable":true,"href":"https:\/\/linitiative.ca\/International\/wp-json\/wp\/v2\/comments?post=154999"}],"version-history":[{"count":0,"href":"https:\/\/linitiative.ca\/International\/wp-json\/wp\/v2\/posts\/154999\/revisions"}],"wp:attachment":[{"href":"https:\/\/linitiative.ca\/International\/wp-json\/wp\/v2\/media?parent=154999"}],"wp:term":[{"taxonomy":"category","embeddable":true,"href":"https:\/\/linitiative.ca\/International\/wp-json\/wp\/v2\/categories?post=154999"},{"taxonomy":"post_tag","embeddable":true,"href":"https:\/\/linitiative.ca\/International\/wp-json\/wp\/v2\/tags?post=154999"}],"curies":[{"name":"wp","href":"https:\/\/api.w.org\/{rel}","templated":true}]}}