{"id":15500,"date":"2019-02-19T05:00:00","date_gmt":"2019-02-19T10:00:00","guid":{"rendered":"https:\/\/linitiative.ca\/International\/sit-in-danciens-rappeles-du-service-national\/"},"modified":"2019-02-19T05:00:00","modified_gmt":"2019-02-19T10:00:00","slug":"sit-in-danciens-rappeles-du-service-national","status":"publish","type":"post","link":"https:\/\/linitiative.ca\/International\/sit-in-danciens-rappeles-du-service-national\/","title":{"rendered":"Sit-in d\u2019anciens rappel\u00e9s du Service national"},"content":{"rendered":"<div id=\"originalText\" readability=\"46\">\n<p>Un groupe d\u2019ex-rappel\u00e9s du Service national, appel\u00e9s aussi \u201c18+6\u201d, ayant servi au sein de l\u2019ANP entre 1992 et 1996, ont observ\u00e9, hier matin, un sit-in devant le si\u00e8ge de l\u2019ancienne mairie de Tizi Ouzou. Malgr\u00e9 un dispositif important mis en place d\u00e8s le matin, afin de parer \u00e0 tout d\u00e9rapage, le rassemblement, qui s\u2019est d\u00e9roul\u00e9 dans le calme, intervient dans le cadre des activit\u00e9s de la Coordination nationale des rappel\u00e9s du Service national qui ne cesse, depuis des ann\u00e9es, de r\u00e9clamer les droits de ces jeunes citoyens maintenus dans le cadre de leur Service national durant la d\u00e9cennie noire. Les contestataires attendent notamment \u201cl\u2019application du d\u00e9cret pr\u00e9sidentiel du 14 mars 2017 qui accorde les m\u00eames droits qu\u2019\u00e0 ceux des autres rappel\u00e9s\u201d.<\/p>\n<\/div>\n<div id=\"text_core\" readability=\"46\">\n<p>Un groupe d\u2019ex-rappel\u00e9s du Service national, appel\u00e9s aussi \u201c18+6\u201d, ayant servi au sein de l\u2019ANP entre 1992 et 1996, ont observ\u00e9, hier matin, un sit-in devant le si\u00e8ge de l\u2019ancienne mairie de Tizi Ouzou. Malgr\u00e9 un dispositif important mis en place d\u00e8s le matin, afin de parer \u00e0 tout d\u00e9rapage, le rassemblement, qui s\u2019est d\u00e9roul\u00e9 dans le calme, intervient dans le cadre des activit\u00e9s de la Coordination nationale des rappel\u00e9s du Service national qui ne cesse, depuis des ann\u00e9es, de r\u00e9clamer les droits de ces jeunes citoyens maintenus dans le cadre de leur Service national durant la d\u00e9cennie noire. Les contestataires attendent notamment \u201cl\u2019application du d\u00e9cret pr\u00e9sidentiel du 14 mars 2017 qui accorde les m\u00eames droits qu\u2019\u00e0 ceux des autres rappel\u00e9s\u201d.<\/p>\n<\/div>\n<p>Auteur:<br \/>\n<a href=\"https:\/\/www.liberte-algerie.com\/actualite\/sit-in-danciens-rappeles-du-service-national-309766\">Cliquez ici pour lire l&rsquo;article depuis sa source.<\/a><\/p>\n","protected":false},"excerpt":{"rendered":"<p>Un groupe d\u2019ex-rappel\u00e9s du Service national, appel\u00e9s aussi \u201c18+6\u201d, ayant servi au sein de l\u2019ANP entre 1992 et 1996, ont observ\u00e9, hier matin, un sit-in devant le si\u00e8ge de l\u2019ancienne mairie de Tizi Ouzou. Malgr\u00e9 un dispositif important mis en place d\u00e8s le matin, afin de parer \u00e0 tout d\u00e9rapage, le rassemblement, qui s\u2019est d\u00e9roul\u00e9 [&hellip;]<\/p>\n","protected":false},"author":1742,"featured_media":0,"comment_status":"closed","ping_status":"closed","sticky":false,"template":"","format":"standard","meta":{"fifu_image_url":"","fifu_image_alt":"","footnotes":""},"categories":[73,53],"tags":[],"class_list":["post-15500","post","type-post","status-publish","format-standard","hentry","category-actualite","category-algerie"],"_links":{"self":[{"href":"https:\/\/linitiative.ca\/International\/wp-json\/wp\/v2\/posts\/15500","targetHints":{"allow":["GET"]}}],"collection":[{"href":"https:\/\/linitiative.ca\/International\/wp-json\/wp\/v2\/posts"}],"about":[{"href":"https:\/\/linitiative.ca\/International\/wp-json\/wp\/v2\/types\/post"}],"author":[{"embeddable":true,"href":"https:\/\/linitiative.ca\/International\/wp-json\/wp\/v2\/users\/1742"}],"replies":[{"embeddable":true,"href":"https:\/\/linitiative.ca\/International\/wp-json\/wp\/v2\/comments?post=15500"}],"version-history":[{"count":0,"href":"https:\/\/linitiative.ca\/International\/wp-json\/wp\/v2\/posts\/15500\/revisions"}],"wp:attachment":[{"href":"https:\/\/linitiative.ca\/International\/wp-json\/wp\/v2\/media?parent=15500"}],"wp:term":[{"taxonomy":"category","embeddable":true,"href":"https:\/\/linitiative.ca\/International\/wp-json\/wp\/v2\/categories?post=15500"},{"taxonomy":"post_tag","embeddable":true,"href":"https:\/\/linitiative.ca\/International\/wp-json\/wp\/v2\/tags?post=15500"}],"curies":[{"name":"wp","href":"https:\/\/api.w.org\/{rel}","templated":true}]}}