{"id":155023,"date":"2022-08-15T08:18:04","date_gmt":"2022-08-15T12:18:04","guid":{"rendered":"https:\/\/linitiative.ca\/International\/environnement-diplomatie-et-colonies-de-vacances-au-menu-des-quotidiens-marocains\/"},"modified":"2022-08-15T08:18:04","modified_gmt":"2022-08-15T12:18:04","slug":"environnement-diplomatie-et-colonies-de-vacances-au-menu-des-quotidiens-marocains","status":"publish","type":"post","link":"https:\/\/linitiative.ca\/International\/environnement-diplomatie-et-colonies-de-vacances-au-menu-des-quotidiens-marocains\/","title":{"rendered":"Environnement, diplomatie et colonies de vacances au menu des quotidiens marocains"},"content":{"rendered":"<div>\n<p><img decoding=\"async\" width=\"287\" height=\"176\" src=\"https:\/\/linitiative.ca\/International\/wp-content\/uploads\/sites\/23\/2022\/08\/16605658843104.jpg\" class=\"attachment-post-thumbnail size-post-thumbnail wp-post-image\" alt=\"\" loading=\"lazy\"><\/p>\n<p>Le d\u00e9bat sur la plantation de palmiers dans les rues, le durcissement par la France des conditions d&rsquo;obtention des visas et les enjeux des colonies de vacances sont les principaux sujets trait\u00e9s par les quotidiens marocains parus ce lundi.+L&rsquo;Opinion+, qui revient sur les remous provoqu\u00e9s par la plantation de certaines esp\u00e8ces de palmiers dans les rues principales des villes, \u00e9crit que bien que les arbres embellissent plus ou moins nos agglom\u00e9rations, la tendance de privil\u00e9gier diff\u00e9rentes esp\u00e8ces de palmiers semble cependant se g\u00e9n\u00e9raliser.<\/p>\n<p>Raser de grands arbres dans beaucoup de boulevards et les remplacer par des palmiers irritent un grand nombre d&rsquo;environnementalistes, qui estiment que, malgr\u00e9 leur qualit\u00e9 esth\u00e9tique indiscutable, les palmiers ne sont pas forc\u00e9ment les arbres les plus ombrageux, rel\u00e8ve le quotidien.<\/p>\n<p>Au moment o\u00f9 la tendance haussi\u00e8re des temp\u00e9ratures se poursuit, une mise \u00e0 profit intelligente du v\u00e9g\u00e9tal dans les villes marocaines devient un \u00ab\u00a0enjeu strat\u00e9gique\u00a0\u00bb, qui peut participer \u00e0 rafra\u00eechir naturellement les espaces urbains, estime-t-il.<\/p>\n<p>De ce fait, compter sur les seuls palmiers washingtonia pour constituer des oasis de fra\u00eecheur dans l&rsquo;aridit\u00e9 br\u00fblante du b\u00e9ton, \u201cne peut \u00eatre qu&rsquo;un mirage\u201d, estime-t-il.<\/p>\n<p>+L&rsquo;Economiste+, qui aborde le durcissement par la France des conditions d&rsquo;obtention des visas \u00e0 l&rsquo;\u00e9gard des Marocains, souligne la n\u00e9cessit\u00e9 d&rsquo;avoir \u201cl&rsquo;honn\u00eatet\u00e9 de s&rsquo;affranchir des v\u00e9rit\u00e9s\u201d, de \u201creconna\u00eetre ses torts et les r\u00e9parer\u201d, et surtout de \u201ctrouver une solution plus digne pour les demandeurs de visas\u201d.<\/p>\n<p>Ces restrictions impos\u00e9es par la France \u201cne font qu&rsquo;envenimer la situation\u201d, et \u201calimentent le rejet de l&rsquo;autre\u201d, estime la publication.<\/p>\n<p>Elles ont aussi cr\u00e9\u00e9 par la force des choses, des march\u00e9s illicites de vente de rendez-vous, qui profitent \u00e0 des hackers en tous genres, ajoute-t-il.<\/p>\n<p>Du c\u00f4t\u00e9 du Maroc, les responsabilit\u00e9s \u201cdoivent \u00eatre assum\u00e9es, quelle que soit l&rsquo;origine du probl\u00e8me, ou les conditions, car ce sont les populations locales qui sont prises en otage de ce diff\u00e9rend\u201d, note-t-il.<\/p>\n<p>+Aujourd&rsquo;hui Le Maroc+, qui revient sur les enjeux des colonies de vacances, \u00e9crit qu&rsquo;au fil des ann\u00e9es, le programme des colonies a \u00e9volu\u00e9 pour r\u00e9pondre \u00e0 la forte demande, soulignant que de nombreuses familles sont attir\u00e9es par ce genre d&rsquo;initiatives pour permettre \u00e0 leurs enfants de devenir v\u00e9ritablement autonomes.<\/p>\n<p>Aussi, les normes de s\u00e9curit\u00e9 et d&rsquo;hygi\u00e8ne ont beaucoup \u00e9volu\u00e9 au cours des derni\u00e8res ann\u00e9es au Maroc, estime le journal.<\/p>\n<p>Outre de nouvelles r\u00e8gles entr\u00e9es en vigueur suite \u00e0 leur publication au Bulletin officiel, un grand effort a \u00e9galement \u00e9t\u00e9 consenti concernant le contenu des programmes \u00e9ducatifs et sportifs au sein des colonies, ajoute-t-il.<\/p>\n<p>Ces colonies sont de v\u00e9ritables espaces pour inculquer les valeurs de la citoyennet\u00e9 aux g\u00e9n\u00e9rations montantes, mais \u00e9galement un bon endroit pour d\u00e9couvrir des vocations et encourager les talents dans le sport ainsi que la culture, constate-t-il.<\/p>\n<p>Cet article <a rel=\"nofollow\" href=\"https:\/\/www.journalducameroun.com\/environnement-diplomatie-et-colonies-de-vacances-au-menu-des-quotidiens-marocains\/\">Environnement, diplomatie et colonies de vacances au menu des quotidiens marocains<\/a> est apparu en premier sur <a rel=\"nofollow\" href=\"https:\/\/www.journalducameroun.com\/\">Journal du Cameroun<\/a>.<\/p>\n<\/div>\n<p>Auteur: APA News<br \/>\n<a href=\"https:\/\/www.journalducameroun.com\/environnement-diplomatie-et-colonies-de-vacances-au-menu-des-quotidiens-marocains\/\">Cliquez ici pour lire l&rsquo;article depuis sa source.<\/a><\/p>\n","protected":false},"excerpt":{"rendered":"<p>Le d\u00e9bat sur la plantation de palmiers dans les rues, le durcissement par la France des conditions d&rsquo;obtention des visas et les enjeux des colonies de vacances sont les principaux sujets trait\u00e9s par les quotidiens marocains parus ce lundi.+L&rsquo;Opinion+, qui revient sur les remous provoqu\u00e9s par la plantation de certaines esp\u00e8ces de palmiers dans les [&hellip;]<\/p>\n","protected":false},"author":1965,"featured_media":0,"comment_status":"closed","ping_status":"closed","sticky":false,"template":"","format":"standard","meta":{"fifu_image_url":"https:\/\/www.journalducameroun.com\/wp-content\/uploads\/2022\/08\/16605658843104.jpg","fifu_image_alt":"Environnement, diplomatie et colonies de vacances au menu des quotidiens marocains","footnotes":""},"categories":[73,82],"tags":[],"class_list":["post-155023","post","type-post","status-publish","format-standard","hentry","category-actualite","category-cameroun"],"_links":{"self":[{"href":"https:\/\/linitiative.ca\/International\/wp-json\/wp\/v2\/posts\/155023","targetHints":{"allow":["GET"]}}],"collection":[{"href":"https:\/\/linitiative.ca\/International\/wp-json\/wp\/v2\/posts"}],"about":[{"href":"https:\/\/linitiative.ca\/International\/wp-json\/wp\/v2\/types\/post"}],"author":[{"embeddable":true,"href":"https:\/\/linitiative.ca\/International\/wp-json\/wp\/v2\/users\/1965"}],"replies":[{"embeddable":true,"href":"https:\/\/linitiative.ca\/International\/wp-json\/wp\/v2\/comments?post=155023"}],"version-history":[{"count":0,"href":"https:\/\/linitiative.ca\/International\/wp-json\/wp\/v2\/posts\/155023\/revisions"}],"wp:attachment":[{"href":"https:\/\/linitiative.ca\/International\/wp-json\/wp\/v2\/media?parent=155023"}],"wp:term":[{"taxonomy":"category","embeddable":true,"href":"https:\/\/linitiative.ca\/International\/wp-json\/wp\/v2\/categories?post=155023"},{"taxonomy":"post_tag","embeddable":true,"href":"https:\/\/linitiative.ca\/International\/wp-json\/wp\/v2\/tags?post=155023"}],"curies":[{"name":"wp","href":"https:\/\/api.w.org\/{rel}","templated":true}]}}