{"id":155092,"date":"2022-08-16T11:26:38","date_gmt":"2022-08-16T15:26:38","guid":{"rendered":"https:\/\/linitiative.ca\/International\/cameroun-28-motos-ambulances-pour-la-prise-en-charge-des-patients-dans-les-zones-enclavees\/"},"modified":"2022-08-16T11:26:38","modified_gmt":"2022-08-16T15:26:38","slug":"cameroun-28-motos-ambulances-pour-la-prise-en-charge-des-patients-dans-les-zones-enclavees","status":"publish","type":"post","link":"https:\/\/linitiative.ca\/International\/cameroun-28-motos-ambulances-pour-la-prise-en-charge-des-patients-dans-les-zones-enclavees\/","title":{"rendered":"Cameroun : 28 motos ambulances pour la prise en charge des patients dans les zones enclav\u00e9es"},"content":{"rendered":"<div>\n<p><img decoding=\"async\" width=\"2048\" height=\"1536\" src=\"https:\/\/linitiative.ca\/International\/wp-content\/uploads\/sites\/23\/2022\/08\/moto.jpg\" class=\"attachment-post-thumbnail size-post-thumbnail wp-post-image\" alt=\"\" loading=\"lazy\" srcset=\"https:\/\/linitiative.ca\/International\/wp-content\/uploads\/sites\/23\/2022\/08\/moto.jpg 2048w, https:\/\/www.journalducameroun.com\/wp-content\/uploads\/2022\/08\/moto-300x225.jpg 300w, https:\/\/www.journalducameroun.com\/wp-content\/uploads\/2022\/08\/moto-1024x768.jpg 1024w, https:\/\/www.journalducameroun.com\/wp-content\/uploads\/2022\/08\/moto-768x576.jpg 768w, https:\/\/www.journalducameroun.com\/wp-content\/uploads\/2022\/08\/moto-1536x1152.jpg 1536w, https:\/\/www.journalducameroun.com\/wp-content\/uploads\/2022\/08\/moto-587x440.jpg 587w, https:\/\/www.journalducameroun.com\/wp-content\/uploads\/2022\/08\/moto-600x450.jpg 600w\" sizes=\"auto, (max-width: 2048px) 100vw, 2048px\"><\/p>\n<h2 style=\"text-align: justify;\">Ce sont quatre r\u00e9gions \u00e0 savoir l\u2019Adamaoua, l\u2019Extr\u00eame-nord, l\u2019Est et le Nord, qui b\u00e9n\u00e9ficient du premier lot de 28 motos ambulances tricycles,\u00a0acquises\u00a0\u00e0 travers le budget d\u2019investissement du minist\u00e8re de la Sant\u00e9 publique.<\/h2>\n<p style=\"text-align: justify;\">Le Ministre de la sant\u00e9 publique (Minsant\u00e9) a proc\u00e9d\u00e9 le jeudi 11 ao\u00fbt 2022 \u00e0 la remise solennelle de 28 motos ambulances acquises sur fonds propres de son d\u00e9partement minist\u00e9riel.<\/p>\n<p style=\"text-align: justify;\">Ces ambulances tricycles vont permettre la prise en charge des patients dans les zones enclav\u00e9es, a-t-on appris des services du Minsant\u00e9. Elles vont \u00eatre r\u00e9parties dans quatre r\u00e9gions que sont l\u2019Adamaoua (06), l\u2019Extr\u00eame-Nord (10), l\u2019Est (05 motos) et le Nord (07).<\/p>\n<p style=\"text-align: justify;\">\u00ab\u00a0<em>Ces 28 ambulances tricycles acquises \u00e0 travers le budget d\u2019investissement du Minist\u00e8re de la Sant\u00e9 Publique constituent une v\u00e9ritable r\u00e9volution pour les formations sanitaires de l\u2019arri\u00e8re-pays. Car, ces engins sont une solution ad\u00e9quate pour le transport des patients<\/em>\u00a0\u00bb, souligne le minist\u00e8re de la sant\u00e9.<\/p>\n<p style=\"text-align: justify;\">\u00ab\u00a0<em>Gr\u00e2ce \u00e0 ces ambulances tricycles, chaque patient peut d\u00e9sormais \u00eatre rapidement conduit \u00e0 la structure sanitaire la plus proche de lui. Ces motos ambulances sont destin\u00e9es aux transferts des patients d\u2019une formation sanitaire \u00e0 une autre dans ces zones dites difficiles d\u2019acc\u00e8s<\/em>\u00a0\u00bb, ajoute le d\u00e9partement minist\u00e9riel.<\/p>\n<p>\u00a0<\/p>\n<p>Cet article <a rel=\"nofollow\" href=\"https:\/\/www.journalducameroun.com\/cameroun-28-motos-ambulances-pour-la-prise-en-charge-des-patients-dans-les-zones-enclavees\/\">Cameroun : 28 motos ambulances pour la prise en charge des patients dans les zones enclav\u00e9es<\/a> est apparu en premier sur <a rel=\"nofollow\" href=\"https:\/\/www.journalducameroun.com\/\">Journal du Cameroun<\/a>.<\/p>\n<\/div>\n<p>Auteur: Esther FOSSI<br \/>\n<a href=\"https:\/\/www.journalducameroun.com\/cameroun-28-motos-ambulances-pour-la-prise-en-charge-des-patients-dans-les-zones-enclavees\/\">Cliquez ici pour lire l&rsquo;article depuis sa source.<\/a><\/p>\n","protected":false},"excerpt":{"rendered":"<p>Ce sont quatre r\u00e9gions \u00e0 savoir l\u2019Adamaoua, l\u2019Extr\u00eame-nord, l\u2019Est et le Nord, qui b\u00e9n\u00e9ficient du premier lot de 28 motos ambulances tricycles,\u00a0acquises\u00a0\u00e0 travers le budget d\u2019investissement du minist\u00e8re de la Sant\u00e9 publique. Le Ministre de la sant\u00e9 publique (Minsant\u00e9) a proc\u00e9d\u00e9 le jeudi 11 ao\u00fbt 2022 \u00e0 la remise solennelle de 28 motos ambulances acquises [&hellip;]<\/p>\n","protected":false},"author":1965,"featured_media":0,"comment_status":"closed","ping_status":"closed","sticky":false,"template":"","format":"standard","meta":{"fifu_image_url":"https:\/\/www.journalducameroun.com\/wp-content\/uploads\/2022\/08\/moto.jpg","fifu_image_alt":"Cameroun : 28 motos ambulances pour la prise en charge des patients dans les zones enclav\u00e9es","footnotes":""},"categories":[73,82],"tags":[],"class_list":["post-155092","post","type-post","status-publish","format-standard","hentry","category-actualite","category-cameroun"],"_links":{"self":[{"href":"https:\/\/linitiative.ca\/International\/wp-json\/wp\/v2\/posts\/155092","targetHints":{"allow":["GET"]}}],"collection":[{"href":"https:\/\/linitiative.ca\/International\/wp-json\/wp\/v2\/posts"}],"about":[{"href":"https:\/\/linitiative.ca\/International\/wp-json\/wp\/v2\/types\/post"}],"author":[{"embeddable":true,"href":"https:\/\/linitiative.ca\/International\/wp-json\/wp\/v2\/users\/1965"}],"replies":[{"embeddable":true,"href":"https:\/\/linitiative.ca\/International\/wp-json\/wp\/v2\/comments?post=155092"}],"version-history":[{"count":0,"href":"https:\/\/linitiative.ca\/International\/wp-json\/wp\/v2\/posts\/155092\/revisions"}],"wp:attachment":[{"href":"https:\/\/linitiative.ca\/International\/wp-json\/wp\/v2\/media?parent=155092"}],"wp:term":[{"taxonomy":"category","embeddable":true,"href":"https:\/\/linitiative.ca\/International\/wp-json\/wp\/v2\/categories?post=155092"},{"taxonomy":"post_tag","embeddable":true,"href":"https:\/\/linitiative.ca\/International\/wp-json\/wp\/v2\/tags?post=155092"}],"curies":[{"name":"wp","href":"https:\/\/api.w.org\/{rel}","templated":true}]}}