{"id":155094,"date":"2022-08-16T12:10:19","date_gmt":"2022-08-16T16:10:19","guid":{"rendered":"https:\/\/linitiative.ca\/International\/cameroun-fecafoot-le-coq-sportif-ne-compte-pas-se-retirer\/"},"modified":"2022-08-16T12:10:19","modified_gmt":"2022-08-16T16:10:19","slug":"cameroun-fecafoot-le-coq-sportif-ne-compte-pas-se-retirer","status":"publish","type":"post","link":"https:\/\/linitiative.ca\/International\/cameroun-fecafoot-le-coq-sportif-ne-compte-pas-se-retirer\/","title":{"rendered":"Cameroun-F\u00e9cafoot : \u00ab Le Coq Sportif ne compte pas se retirer \u00bb"},"content":{"rendered":"<div>\n<p><img decoding=\"async\" width=\"860\" height=\"425\" src=\"https:\/\/linitiative.ca\/International\/wp-content\/uploads\/sites\/23\/2022\/08\/Marc-Henri-Beausire.jpg\" class=\"attachment-post-thumbnail size-post-thumbnail wp-post-image\" alt=\"\" loading=\"lazy\" srcset=\"https:\/\/linitiative.ca\/International\/wp-content\/uploads\/sites\/23\/2022\/08\/Marc-Henri-Beausire.jpg 860w, https:\/\/www.journalducameroun.com\/wp-content\/uploads\/2022\/08\/Marc-Henri-Beausire-300x148.jpg 300w, https:\/\/www.journalducameroun.com\/wp-content\/uploads\/2022\/08\/Marc-Henri-Beausire-768x380.jpg 768w, https:\/\/www.journalducameroun.com\/wp-content\/uploads\/2022\/08\/Marc-Henri-Beausire-600x297.jpg 600w\" sizes=\"auto, (max-width: 860px) 100vw, 860px\"><\/p>\n<h2 style=\"text-align: justify;\"><strong>Pendant que la F\u00e9cafoot annonce la signature d\u2019un contrat de trois ans avec One All Sports comme futur \u00e9quipementier des Lions indomptables, Le Coq Sportif sort \u00e0 nouveau du bois. <\/strong><\/h2>\n<p style=\"text-align: justify;\"><strong>\u00a0<\/strong>La firme fran\u00e7aise, \u00e0 travers un communiqu\u00e9 sign\u00e9 de son pr\u00e9sident Marc-Henri Beausire, insiste sur le fait qu\u2019elle ne se laissera pas faire et accuse la F\u00e9cafoot d\u2019un certain nombre de violations.<\/p>\n<p style=\"text-align: justify;\"><strong>Le communiqu\u00e9 de Marc-Henri Beausire<\/strong><\/p>\n<p style=\"text-align: justify;\">Le Coq Sportif prend note du communiqu\u00e9 de presse du 12 ao\u00fbt 2022 de la F\u00e9cafoot annon\u00e7ant la signature d\u2019un contrat avec un nouvel \u00e9quipementier, en violation du contrat en cours et souhaite apporter des \u00e9claircissements \u00e0 la situation actuelle.<\/p>\n<p style=\"text-align: justify;\"><strong>Rappel<\/strong><\/p>\n<p style=\"text-align: justify;\">En 2019, Le Coq Sportif est approch\u00e9 par la F\u00e9cafoot pour palier \u00e0 la d\u00e9fection en derni\u00e8re minute de son \u00e9quipementier, alors que nous sommes \u00e0 quelques mois de la CAN et de la Coupe du monde f\u00e9minine. Un contrat de partenariat est sign\u00e9 dans l\u2019urgence et des moyens industriels importants sont mis en \u0153uvre pour pouvoir produire, dans un laps de temps si court, les \u00e9quipements n\u00e9cessaires aux deux \u00e9quipes.<\/p>\n<p style=\"text-align: justify;\">Malgr\u00e9 les contraintes li\u00e9es \u00e0 la signature tardive du contrat et \u00e0 la pand\u00e9mie Covid-19 ainsi qu\u2019aux changements survenus au sein de la F\u00e9cafoot et au manque d\u2019interlocuteurs stables qui en est r\u00e9sult\u00e9, nous avons toujours strictement respect\u00e9 les termes de ce contrat qui nous lie \u00e0 un partenaire dont nous sommes fiers.<\/p>\n<p style=\"text-align: justify;\"><strong>A date<\/strong><\/p>\n<p style=\"text-align: justify;\">Le Coq Sportif regrette que la F\u00e9cafoot, apr\u00e8s avoir refus\u00e9 le dialogue n\u2019aie jamais r\u00e9pondu aux nombreux courriers et appels. Et que par ailleurs la F\u00e9cafoot aie enfreint les r\u00e8gles contractuelles telles que\u00a0:<\/p>\n<p style=\"text-align: justify;\">-Le non-respect de la confidentialit\u00e9 des contrats\u00a0;<\/p>\n<p style=\"text-align: justify;\">-La propagation d\u2019informations inexactes sur la place publique\u00a0;<\/p>\n<p style=\"text-align: justify;\">-La rupture unilat\u00e9rale d\u2019un contrat en violation des dispositions contractuelles.<\/p>\n<p style=\"text-align: justify;\">Devant cet \u00e9tat de fait, Le Coq Sportif, en respect du droit des contrats, a assign\u00e9 la F\u00e9cafoot pour plusieurs motifs afin d\u2019obtenir le respect du contrat liant les deux parties ainsi que la reconnaissance de ses droits. Par souci de transparence, elle a inform\u00e9 la F\u00e9cafoot, les instances dirigeantes du football et les autorit\u00e9s camerounaises concern\u00e9es de sa d\u00e9marche.<\/p>\n<p style=\"text-align: justify;\"><strong>En cons\u00e9quence<\/strong><\/p>\n<p style=\"text-align: justify;\">A quelques mois d\u2019une \u00e9ch\u00e9ance mondiale, strat\u00e9gique pour une \u00e9quipe embl\u00e9matique comme Les Lions Indomptables, la F\u00e9cafoot fragilise son partenaire Le Coq Sportif ainsi que les acteurs \u00e9conomiques camerounais ayant achet\u00e9 les collections des \u00e9quipements d\u00e9j\u00e0 produites apr\u00e8s validation par cette m\u00eame F\u00e9cafoot et homologation par la FIFA.<\/p>\n<p style=\"text-align: justify;\">Le Coq Sportif ne compte pas se retirer sur une base non juridique et sans argumentation d\u00e9taill\u00e9e justifiant cette rupture de contrat abusive.<\/p>\n<p>Cet article <a rel=\"nofollow\" href=\"https:\/\/www.journalducameroun.com\/cameroun-fecafoot-le-coq-sportif-ne-compte-pas-se-retirer\/\">Cameroun-F\u00e9cafoot : \u00ab Le Coq Sportif ne compte pas se retirer \u00bb<\/a> est apparu en premier sur <a rel=\"nofollow\" href=\"https:\/\/www.journalducameroun.com\/\">Journal du Cameroun<\/a>.<\/p>\n<\/div>\n<p>Auteur: Emile Zola Nd\u00e9 Tchoussi<br \/>\n<a href=\"https:\/\/www.journalducameroun.com\/cameroun-fecafoot-le-coq-sportif-ne-compte-pas-se-retirer\/\">Cliquez ici pour lire l&rsquo;article depuis sa source.<\/a><\/p>\n","protected":false},"excerpt":{"rendered":"<p>Pendant que la F\u00e9cafoot annonce la signature d\u2019un contrat de trois ans avec One All Sports comme futur \u00e9quipementier des Lions indomptables, Le Coq Sportif sort \u00e0 nouveau du bois. \u00a0La firme fran\u00e7aise, \u00e0 travers un communiqu\u00e9 sign\u00e9 de son pr\u00e9sident Marc-Henri Beausire, insiste sur le fait qu\u2019elle ne se laissera pas faire et accuse [&hellip;]<\/p>\n","protected":false},"author":1965,"featured_media":0,"comment_status":"closed","ping_status":"closed","sticky":false,"template":"","format":"standard","meta":{"fifu_image_url":"https:\/\/www.journalducameroun.com\/wp-content\/uploads\/2022\/08\/Marc-Henri-Beausire.jpg","fifu_image_alt":"Cameroun-F\u00e9cafoot : \u00ab Le Coq Sportif ne compte pas se retirer \u00bb","footnotes":""},"categories":[73,82],"tags":[],"class_list":["post-155094","post","type-post","status-publish","format-standard","hentry","category-actualite","category-cameroun"],"_links":{"self":[{"href":"https:\/\/linitiative.ca\/International\/wp-json\/wp\/v2\/posts\/155094","targetHints":{"allow":["GET"]}}],"collection":[{"href":"https:\/\/linitiative.ca\/International\/wp-json\/wp\/v2\/posts"}],"about":[{"href":"https:\/\/linitiative.ca\/International\/wp-json\/wp\/v2\/types\/post"}],"author":[{"embeddable":true,"href":"https:\/\/linitiative.ca\/International\/wp-json\/wp\/v2\/users\/1965"}],"replies":[{"embeddable":true,"href":"https:\/\/linitiative.ca\/International\/wp-json\/wp\/v2\/comments?post=155094"}],"version-history":[{"count":0,"href":"https:\/\/linitiative.ca\/International\/wp-json\/wp\/v2\/posts\/155094\/revisions"}],"wp:attachment":[{"href":"https:\/\/linitiative.ca\/International\/wp-json\/wp\/v2\/media?parent=155094"}],"wp:term":[{"taxonomy":"category","embeddable":true,"href":"https:\/\/linitiative.ca\/International\/wp-json\/wp\/v2\/categories?post=155094"},{"taxonomy":"post_tag","embeddable":true,"href":"https:\/\/linitiative.ca\/International\/wp-json\/wp\/v2\/tags?post=155094"}],"curies":[{"name":"wp","href":"https:\/\/api.w.org\/{rel}","templated":true}]}}