{"id":155154,"date":"2022-08-17T05:44:06","date_gmt":"2022-08-17T09:44:06","guid":{"rendered":"https:\/\/linitiative.ca\/International\/feux-de-foret-a-mdiq-une-enquete-judiciaire-a-ete-ouverte\/"},"modified":"2022-08-17T05:44:06","modified_gmt":"2022-08-17T09:44:06","slug":"feux-de-foret-a-mdiq-une-enquete-judiciaire-a-ete-ouverte","status":"publish","type":"post","link":"https:\/\/linitiative.ca\/International\/feux-de-foret-a-mdiq-une-enquete-judiciaire-a-ete-ouverte\/","title":{"rendered":"Feux de for\u00eat \u00e0 M\u2019diq. Une enqu\u00eate judiciaire a \u00e9t\u00e9 ouverte"},"content":{"rendered":"<div><img decoding=\"async\" width=\"800\" height=\"500\" src=\"https:\/\/linitiative.ca\/International\/wp-content\/uploads\/sites\/23\/2022\/08\/pyromanes-feux-forets-mdiq.jpg\" class=\"attachment-post-thumbnail size-post-thumbnail wp-post-image\" alt=\"\" loading=\"lazy\" srcset=\"https:\/\/linitiative.ca\/International\/wp-content\/uploads\/sites\/23\/2022\/08\/pyromanes-feux-forets-mdiq.jpg 800w, https:\/\/www.challenge.ma\/wp-content\/uploads\/2022\/08\/pyromanes-feux-forets-mdiq-300x188.jpg 300w, https:\/\/www.challenge.ma\/wp-content\/uploads\/2022\/08\/pyromanes-feux-forets-mdiq-768x480.jpg 768w, https:\/\/www.challenge.ma\/wp-content\/uploads\/2022\/08\/pyromanes-feux-forets-mdiq-360x225.jpg 360w, https:\/\/www.challenge.ma\/wp-content\/uploads\/2022\/08\/pyromanes-feux-forets-mdiq-750x469.jpg 750w\" sizes=\"auto, (max-width: 800px) 100vw, 800px\" itemprop=\"image\">Le Procureur g\u00e9n\u00e9ral du Roi pr\u00e8s la Cour d\u2019appel de T\u00e9touan informe l\u2019opinion publique qu\u2019apr\u00e8s avoir \u00e9t\u00e9 alert\u00e9 de l\u2019incendie qui s\u2019est d\u00e9clar\u00e9 le 15 ao\u00fbt courant dans la for\u00eat \u00abKodiat Tifour\u00bb pr\u00e8s de M\u2019diq, il a donn\u00e9 ses instructions \u00e0 la police judiciaire comp\u00e9tente pour l\u2019ouverture d\u2019une enqu\u00eate judiciaire<\/div>\n<p>Auteur: David J\u00e9r\u00e9mie<br \/>\n<a href=\"https:\/\/www.challenge.ma\/feux-de-foret-a-mdiq-une-enquete-judiciaire-a-ete-ouverte-243690\/\">Cliquez ici pour lire l&rsquo;article depuis sa source.<\/a><\/p>\n","protected":false},"excerpt":{"rendered":"<p>Le Procureur g\u00e9n\u00e9ral du Roi pr\u00e8s la Cour d\u2019appel de T\u00e9touan informe l\u2019opinion publique qu\u2019apr\u00e8s avoir \u00e9t\u00e9 alert\u00e9 de l\u2019incendie qui s\u2019est d\u00e9clar\u00e9 le 15 ao\u00fbt courant dans la for\u00eat \u00abKodiat Tifour\u00bb pr\u00e8s de M\u2019diq, il a donn\u00e9 ses instructions \u00e0 la police judiciaire comp\u00e9tente pour l\u2019ouverture d\u2019une enqu\u00eate judiciaire Auteur: David J\u00e9r\u00e9mie Cliquez ici [&hellip;]<\/p>\n","protected":false},"author":1787,"featured_media":0,"comment_status":"closed","ping_status":"closed","sticky":false,"template":"","format":"standard","meta":{"fifu_image_url":"https:\/\/www.challenge.ma\/wp-content\/uploads\/2022\/08\/pyromanes-feux-forets-mdiq.jpg","fifu_image_alt":"Feux de for\u00eat \u00e0 M\u2019diq. Une enqu\u00eate judiciaire a \u00e9t\u00e9 ouverte","footnotes":""},"categories":[78,54],"tags":[],"class_list":["post-155154","post","type-post","status-publish","format-standard","hentry","category-economie","category-maroc"],"_links":{"self":[{"href":"https:\/\/linitiative.ca\/International\/wp-json\/wp\/v2\/posts\/155154","targetHints":{"allow":["GET"]}}],"collection":[{"href":"https:\/\/linitiative.ca\/International\/wp-json\/wp\/v2\/posts"}],"about":[{"href":"https:\/\/linitiative.ca\/International\/wp-json\/wp\/v2\/types\/post"}],"author":[{"embeddable":true,"href":"https:\/\/linitiative.ca\/International\/wp-json\/wp\/v2\/users\/1787"}],"replies":[{"embeddable":true,"href":"https:\/\/linitiative.ca\/International\/wp-json\/wp\/v2\/comments?post=155154"}],"version-history":[{"count":0,"href":"https:\/\/linitiative.ca\/International\/wp-json\/wp\/v2\/posts\/155154\/revisions"}],"wp:attachment":[{"href":"https:\/\/linitiative.ca\/International\/wp-json\/wp\/v2\/media?parent=155154"}],"wp:term":[{"taxonomy":"category","embeddable":true,"href":"https:\/\/linitiative.ca\/International\/wp-json\/wp\/v2\/categories?post=155154"},{"taxonomy":"post_tag","embeddable":true,"href":"https:\/\/linitiative.ca\/International\/wp-json\/wp\/v2\/tags?post=155154"}],"curies":[{"name":"wp","href":"https:\/\/api.w.org\/{rel}","templated":true}]}}