{"id":155169,"date":"2022-08-17T05:47:35","date_gmt":"2022-08-17T09:47:35","guid":{"rendered":"https:\/\/linitiative.ca\/International\/adaptation-au-changement-climatique-place-et-role-des-forets-africaines-en-discussion-a-niamey\/"},"modified":"2022-08-17T05:47:35","modified_gmt":"2022-08-17T09:47:35","slug":"adaptation-au-changement-climatique-place-et-role-des-forets-africaines-en-discussion-a-niamey","status":"publish","type":"post","link":"https:\/\/linitiative.ca\/International\/adaptation-au-changement-climatique-place-et-role-des-forets-africaines-en-discussion-a-niamey\/","title":{"rendered":"Adaptation au changement climatique : Place et r\u00f4le des for\u00eats africaines en discussion \u00e0 Niamey"},"content":{"rendered":"<div>\n<p><strong>African forest forum (AFF) ou le Forum forestier africain organise un atelier r\u00e9gional de formation sur l\u2019adaptation au changement climatique bas\u00e9e sur les for\u00eats et les arbres, au profit des acteurs d\u2019une dizaine de pays d\u2019Afrique, du 15 au 19 ao\u00fbt 2022, \u00e0 Niamey, au Niger.<\/strong><\/p>\n<p>Pour African forest forum (AFF) ou le Forum forestier africain, la lutte contre le changement climatique passe par le renforcement des capacit\u00e9s des acteurs de la foresterie du continent.<\/p>\n<p>En droite ligne de cette ambition,il organise un atelier r\u00e9gional de formation sur l\u2019adaptation au changement climatique bas\u00e9e sur les for\u00eats et les arbres, du 15 au 19 ao\u00fbt 2022,\u00e0 Niamey, au Niger, au profit des participants d\u2019une dizaine de pays africains, \u00e0 savoir l\u2019Alg\u00e9rie, le Benin, le Burkina Faso, le Mali, la Mauritanie, le Niger, le S\u00e9n\u00e9gal, le Tchad, le Togo et la Tunisie.<\/p>\n<figure id=\"attachment_53472\" aria-describedby=\"caption-attachment-53472\" style=\"width: 696px\" class=\"wp-caption alignnone\"><img decoding=\"async\" data-attachment-id=\"53472\" data-permalink=\"https:\/\/www.sidwaya.info\/blog\/2022\/08\/17\/adaptation-au-changement-climatique-place-et-role-des-forets-africaines-en-discussion-a-niamey\/attachment\/31\/\" data-orig-file=\"https:\/\/i0.wp.com\/www.sidwaya.info\/wp-content\/uploads\/2022\/08\/31-scaled-e1660729301537.jpg?fit=700%2C525&amp;ssl=1\" data-orig-size=\"700,525\" data-comments-opened=\"1\" data-image-meta='{\"aperture\":\"1.9\",\"credit\":\"\",\"camera\":\"SM-A202F\",\"caption\":\"\",\"created_timestamp\":\"1660555416\",\"copyright\":\"\",\"focal_length\":\"3.6\",\"iso\":\"250\",\"shutter_speed\":\"0.04\",\"title\":\"\",\"orientation\":\"1\"}' data-image-title=\"\" data-image-description=\"\" data-image-caption=\"&lt;p&gt;Au  cours  de  la  formation,  les  participants  auront  droit  \u00e0  des communications sur l\u2019impact des changements climatiques, les mesures d\u2019adaptation  foresti\u00e8res,  non  foresti\u00e8res  et  leur  int\u00e9gration  dans  les politiques, plans et actions de d\u00e9veloppement. &lt;\/p&gt;\n\" data-medium-file=\"https:\/\/i0.wp.com\/www.sidwaya.info\/wp-content\/uploads\/2022\/08\/31-scaled-e1660729301537.jpg?fit=300%2C225&amp;ssl=1\" data-large-file=\"https:\/\/i0.wp.com\/www.sidwaya.info\/wp-content\/uploads\/2022\/08\/31-scaled-e1660729301537.jpg?fit=696%2C522&amp;ssl=1\" loading=\"lazy\" class=\"size-large wp-image-53472\" src=\"https:\/\/i0.wp.com\/www.sidwaya.info\/wp-content\/uploads\/2022\/08\/31.jpg?resize=696,522&amp;ssl=1\" alt=\"\" width=\"696\" height=\"522\" data-recalc-dims=\"1\"><figcaption id=\"caption-attachment-53472\" class=\"wp-caption-text\"><strong>Au cours de la formation, les participants auront droit \u00e0 des communications sur l\u2019impact des changements climatiques, les mesures d\u2019adaptation foresti\u00e8res, non foresti\u00e8res et leur int\u00e9gration dans les politiques, plans et actions de d\u00e9veloppement.<\/strong><\/figcaption><\/figure>\n<p>Cette session r\u00e9gionale vise \u00e0 renforcer les capacit\u00e9s d\u2019une masse critique de parties prenantes du secteur forestier des pays d\u2019Afrique francophone et travaillant en collaboration avec les communaut\u00e9s locales.<\/p>\n<p>Il s\u2019agit aussi d\u2019am\u00e9liorer la contribution des ressources foresti\u00e8res et arboricoles \u00e0 l\u2019adaptation au changement climatique, \u00e0 explorer les possibilit\u00e9s de soutenir la mise en \u0153uvre de politiques, de plans et des actions d\u2019adaptation bas\u00e9es sur les for\u00eats et les arbres.<\/p>\n<p>Pour ce faire, les participants auront droit \u00e0 des communications sur les d\u00e9finitions et concepts de l\u2019adaptation au changement climatique, les impacts, les options d\u2019adaptation dans le secteur forestier et non forestier, l\u2019int\u00e9gration de l\u2019adaptation au changement climatique dans les politiques, plans et actions de d\u00e9veloppement, etc.<\/p>\n<p style=\"text-align: center\"><strong>Changer de paradigme<\/strong><\/p>\n<p>Si \u00e0 la cr\u00e9ation de l\u2019AFF, les d\u00e9fis majeurs \u00e0 relever \u00e9taient l\u2019am\u00e9lioration des moyens de subsistance des populations tributaires des for\u00eats, des revenus nationaux et de l\u2019environnement, aujourd\u2019hui, m\u00eame si ces d\u00e9fis restent d\u2019actualit\u00e9, la donne a beaucoup chang\u00e9 et exige de mettre au centre de toute initiative, le \u00ab monstre du r\u00e9chauffement plan\u00e9taire et la complexit\u00e9 des enjeux qui lui sont associ\u00e9s \u00bb, a fait savoir la repr\u00e9sentante du secr\u00e9taire ex\u00e9cutif de l\u2019AFF, Pr Marie-Louise Avana.<\/p>\n<figure id=\"attachment_53468\" aria-describedby=\"caption-attachment-53468\" style=\"width: 696px\" class=\"wp-caption alignnone\"><img decoding=\"async\" data-attachment-id=\"53468\" data-permalink=\"https:\/\/www.sidwaya.info\/blog\/2022\/08\/17\/adaptation-au-changement-climatique-place-et-role-des-forets-africaines-en-discussion-a-niamey\/12-3\/\" data-orig-file=\"https:\/\/i0.wp.com\/www.sidwaya.info\/wp-content\/uploads\/2022\/08\/12-scaled-e1660729176815.jpg?fit=700%2C527&amp;ssl=1\" data-orig-size=\"700,527\" data-comments-opened=\"1\" data-image-meta='{\"aperture\":\"1.9\",\"credit\":\"\",\"camera\":\"SM-A202F\",\"caption\":\"\",\"created_timestamp\":\"1660555626\",\"copyright\":\"\",\"focal_length\":\"3.6\",\"iso\":\"640\",\"shutter_speed\":\"0.04\",\"title\":\"\",\"orientation\":\"1\"}' data-image-title=\"\" data-image-description=\"\" data-image-caption=\"&lt;p&gt;La  repr\u00e9sentante  du  secr\u00e9taire ex\u00e9cutif de l\u2019AFF, Pr Marie-Louise Avana,  a  indiqu\u00e9  qu\u2019il  y  a  une n\u00e9cessit\u00e9 aujourd\u2019hui de mettre au centre  de  toute  initiative  la question    du    r\u00e9chauffement plan\u00e9taire  et  la  complexit\u00e9  des enjeux connexes. &lt;\/p&gt;\n\" data-medium-file=\"https:\/\/i0.wp.com\/www.sidwaya.info\/wp-content\/uploads\/2022\/08\/12-scaled-e1660729176815.jpg?fit=300%2C226&amp;ssl=1\" data-large-file=\"https:\/\/i0.wp.com\/www.sidwaya.info\/wp-content\/uploads\/2022\/08\/12-scaled-e1660729176815.jpg?fit=696%2C524&amp;ssl=1\" loading=\"lazy\" class=\"size-large wp-image-53468\" src=\"https:\/\/i0.wp.com\/www.sidwaya.info\/wp-content\/uploads\/2022\/08\/12-scaled-e1660729128628-1024x771.jpg?resize=696,524&amp;ssl=1\" alt=\"\" width=\"696\" height=\"524\" data-recalc-dims=\"1\"><figcaption id=\"caption-attachment-53468\" class=\"wp-caption-text\"><strong>La repr\u00e9sentante du secr\u00e9taire ex\u00e9cutif de l\u2019AFF, Pr Marie-Louise Avana, a indiqu\u00e9 qu\u2019il y a une n\u00e9cessit\u00e9 aujourd\u2019hui de mettre au centre de toute initiative la question du r\u00e9chauffement plan\u00e9taire et la complexit\u00e9 des enjeux connexes.<\/strong><\/figcaption><\/figure>\n<p>\u00ab A cet \u00e9gard, les \u00e9vidences scientifiques s\u2019accordent que les ressources naturelles renouvelables telles que les for\u00eats et les arbres hors for\u00eat et l\u2019am\u00e9lioration des technologies pour leurs utilisations rationnelles sont essentielles pour sauver nos \u00e2mes des effets n\u00e9fastes du changement climatique et par extension, la survie de toutes les esp\u00e8ces animales et v\u00e9g\u00e9tales sur le continent et ailleurs \u00bb, a-t-elle pr\u00e9cis\u00e9.<\/p>\n<p>Toutefois, il y a lieu de changer le discours sur la foresterie africaine. \u00ab Nous devons changer notre vision tr\u00e8s simpliste sur les ressources foresti\u00e8res et arboricoles, pour une autre qui place les for\u00eats et les arbres au centre des pr\u00e9occupations afin de garantir leur survie sur le continent \u00bb, a insist\u00e9 Pr Avana.<\/p>\n<p style=\"text-align: center\"><strong>Th\u00e9matiques pertinentes<\/strong><\/p>\n<p>C\u2019est pourquoi, dans ses efforts de produire des connaissances sur des enjeux \u00e9mergents afin d\u2019informer et guider la prise de d\u00e9cision en gestion durable des for\u00eats, l\u2019AFF a produit un livre intitul\u00e9 \u201cChangement climatique et les ressources foresti\u00e8res et fauniques africaines\u201d publi\u00e9es en 2011 et a r\u00e9alis\u00e9 des \u00e9tudes r\u00e9gionales\/continentales sur diverses questions urgentes et a \u00e9labor\u00e9 des modules de formation afin de renforcer les capacit\u00e9s d\u2019une masse critique d\u2019acteurs africains sur diff\u00e9rents aspects, a-t-elle poursuivi.<\/p>\n<p>Le repr\u00e9sentant de l\u2019universit\u00e9 Abdou-Moumouni de Niamey et partenaire de l\u2019AFF dans l\u2019organisation de cet atelier, Pr Larwanou Mahamane, a soulign\u00e9 la pertinence des th\u00e9matiques qui seront abord\u00e9es pour les pays africains, individuellement et collectivement.<\/p>\n<figure id=\"attachment_53469\" aria-describedby=\"caption-attachment-53469\" style=\"width: 696px\" class=\"wp-caption alignnone\"><img decoding=\"async\" data-attachment-id=\"53469\" data-permalink=\"https:\/\/www.sidwaya.info\/blog\/2022\/08\/17\/adaptation-au-changement-climatique-place-et-role-des-forets-africaines-en-discussion-a-niamey\/attachment\/21\/\" data-orig-file=\"https:\/\/i0.wp.com\/www.sidwaya.info\/wp-content\/uploads\/2022\/08\/21-scaled-e1660728955808.jpg?fit=607%2C588&amp;ssl=1\" data-orig-size=\"607,588\" data-comments-opened=\"1\" data-image-meta='{\"aperture\":\"1.9\",\"credit\":\"\",\"camera\":\"SM-A202F\",\"caption\":\"\",\"created_timestamp\":\"1660556323\",\"copyright\":\"\",\"focal_length\":\"3.6\",\"iso\":\"250\",\"shutter_speed\":\"0.04\",\"title\":\"\",\"orientation\":\"1\"}' data-image-title=\"\" data-image-description=\"\" data-image-caption=\"&lt;p&gt;Le  secr\u00e9taire  g\u00e9n\u00e9ral  adjoint  du minist\u00e8re nig\u00e9rien de l\u2019Environnement  et  de  la  Lutte contre  la  d\u00e9sertification,  Ibro Adamou,  a  f\u00e9licit\u00e9  l\u2019AFF  pour  sa contribution au d\u00e9veloppement de la foresterie en Afrique. &lt;\/p&gt;\n\" data-medium-file=\"https:\/\/i0.wp.com\/www.sidwaya.info\/wp-content\/uploads\/2022\/08\/21-scaled-e1660728955808.jpg?fit=300%2C291&amp;ssl=1\" data-large-file=\"https:\/\/i0.wp.com\/www.sidwaya.info\/wp-content\/uploads\/2022\/08\/21-scaled-e1660728955808.jpg?fit=696%2C803&amp;ssl=1\" loading=\"lazy\" class=\"size-large wp-image-53469\" src=\"https:\/\/i0.wp.com\/www.sidwaya.info\/wp-content\/uploads\/2022\/08\/21.jpg?resize=696,803&amp;ssl=1\" alt=\"\" width=\"696\" height=\"803\" data-recalc-dims=\"1\"><figcaption id=\"caption-attachment-53469\" class=\"wp-caption-text\"><strong>Le secr\u00e9taire g\u00e9n\u00e9ral adjoint du minist\u00e8re nig\u00e9rien de l\u2019Environnement et de la Lutte contre la d\u00e9sertification, Ibro Adamou, a f\u00e9licit\u00e9 l\u2019AFF pour sa contribution au d\u00e9veloppement de la foresterie en Afrique.<\/strong><\/figcaption><\/figure>\n<p>Dans la m\u00eame veine, le secr\u00e9taire adjoint du minist\u00e8re nig\u00e9rien de l\u2019Environnement et de la Lutte contre la d\u00e9sertification, Ibro Adamou, s\u2019est r\u00e9joui du choix du Niger pour abriter cette importante rencontre r\u00e9gionale qui r\u00e9unit des acteurs et d\u2019experts forestiers africains travaillant dans le domaine du changement climatique.<\/p>\n<p>Pour lui, cette session rev\u00eat une importance capitale pour les acteurs politiques, la soci\u00e9t\u00e9 civile, les communaut\u00e9s \u00ab d\u00e9pendantes des for\u00eats \u00bb, les acteurs priv\u00e9s forestiers en Afrique.<\/p>\n<p>Elle r\u00e9pond \u00e0 l\u2019urgence de cr\u00e9er et de renforcer les capacit\u00e9s nationales appropri\u00e9es pour faire face aux nouveaux probl\u00e8mes environnement aux mondiaux ayant un impact significatif sur la foresterie africaine ; mais aussi \u00e0 la n\u00e9cessit\u00e9 de saisir ces opportunit\u00e9s conform\u00e9ment aux meilleures pratiques internationales, \u00e0 l\u2019Agenda 2063 de l\u2019Union africaine et aux plans de d\u00e9veloppement et engagements des pays, a indiqu\u00e9 M. Adamou.<\/p>\n<p>Cr\u00e9\u00e9 en2007, l\u2019AFF s\u2019est donn\u00e9 pour mission de fournir une analyse ind\u00e9pendante et des conseils aux institutions et acteurs nationaux, r\u00e9gionaux et internationaux sur la fa\u00e7on dont les questions \u00e9conomiques, de s\u00e9curit\u00e9 alimentaire et environnementale peuvent \u00eatre solutionn\u00e9es par la gestion durable des for\u00eats et des arbres.<\/p>\n<p><strong>Mahamadi SEBOGO<\/strong><\/p>\n<p>Windmad76@gmail.com<\/p>\n<p><em>Depuis Niamey, Niger<\/em><\/p>\n<\/div>\n<p>Auteur: Wamini SIDWAYA<br \/>\n<a href=\"https:\/\/www.sidwaya.info\/blog\/2022\/08\/17\/adaptation-au-changement-climatique-place-et-role-des-forets-africaines-en-discussion-a-niamey\/\">Cliquez ici pour lire l&rsquo;article depuis sa source.<\/a><\/p>\n","protected":false},"excerpt":{"rendered":"<p>African forest forum (AFF) ou le Forum forestier africain organise un atelier r\u00e9gional de formation sur l\u2019adaptation au changement climatique bas\u00e9e sur les for\u00eats et les arbres, au profit des acteurs d\u2019une dizaine de pays d\u2019Afrique, du 15 au 19 ao\u00fbt 2022, \u00e0 Niamey, au Niger. Pour African forest forum (AFF) ou le Forum forestier [&hellip;]<\/p>\n","protected":false},"author":1816,"featured_media":0,"comment_status":"closed","ping_status":"closed","sticky":false,"template":"","format":"standard","meta":{"fifu_image_url":"https:\/\/i0.wp.com\/www.sidwaya.info\/wp-content\/uploads\/2022\/08\/31.jpg?resize=696,522&ssl=1","fifu_image_alt":"Adaptation au changement climatique : Place et r\u00f4le des for\u00eats africaines en discussion \u00e0 Niamey","footnotes":""},"categories":[73,81],"tags":[],"class_list":["post-155169","post","type-post","status-publish","format-standard","hentry","category-actualite","category-burkina-faso"],"_links":{"self":[{"href":"https:\/\/linitiative.ca\/International\/wp-json\/wp\/v2\/posts\/155169","targetHints":{"allow":["GET"]}}],"collection":[{"href":"https:\/\/linitiative.ca\/International\/wp-json\/wp\/v2\/posts"}],"about":[{"href":"https:\/\/linitiative.ca\/International\/wp-json\/wp\/v2\/types\/post"}],"author":[{"embeddable":true,"href":"https:\/\/linitiative.ca\/International\/wp-json\/wp\/v2\/users\/1816"}],"replies":[{"embeddable":true,"href":"https:\/\/linitiative.ca\/International\/wp-json\/wp\/v2\/comments?post=155169"}],"version-history":[{"count":0,"href":"https:\/\/linitiative.ca\/International\/wp-json\/wp\/v2\/posts\/155169\/revisions"}],"wp:attachment":[{"href":"https:\/\/linitiative.ca\/International\/wp-json\/wp\/v2\/media?parent=155169"}],"wp:term":[{"taxonomy":"category","embeddable":true,"href":"https:\/\/linitiative.ca\/International\/wp-json\/wp\/v2\/categories?post=155169"},{"taxonomy":"post_tag","embeddable":true,"href":"https:\/\/linitiative.ca\/International\/wp-json\/wp\/v2\/tags?post=155169"}],"curies":[{"name":"wp","href":"https:\/\/api.w.org\/{rel}","templated":true}]}}