{"id":155171,"date":"2022-08-17T11:56:44","date_gmt":"2022-08-17T15:56:44","guid":{"rendered":"https:\/\/linitiative.ca\/International\/football-linternational-burkinabe-issa-kabore-est-officiellement-joueur-de-lolympique-de-marseille\/"},"modified":"2022-08-17T11:56:44","modified_gmt":"2022-08-17T15:56:44","slug":"football-linternational-burkinabe-issa-kabore-est-officiellement-joueur-de-lolympique-de-marseille","status":"publish","type":"post","link":"https:\/\/linitiative.ca\/International\/football-linternational-burkinabe-issa-kabore-est-officiellement-joueur-de-lolympique-de-marseille\/","title":{"rendered":"Football\u00a0: L\u2019international burkinab\u00e8 Issa Kabor\u00e9 est officiellement joueur de l\u2019Olympique de Marseille"},"content":{"rendered":"<div>\n<p>C\u2019est officiel, l\u2019\u00e9talon Issa Kabor\u00e9 est maintenant un joueur de l\u2019Olympique de Marseille (OM).<\/p>\n<p>Le lat\u00e9ral droit burkinab\u00e8 a \u00e9t\u00e9 pr\u00eat\u00e9 pour une saison par Manchester City \u00e0 l\u2019OM pour renforcer son effectif \u00e0 l\u2019approche de la Ligue des Champions.<\/p>\n<p>Pour beaucoup d\u2019observateurs, l\u2019international burkinab\u00e8 de 21 ans est plein de promesse au regard de son parcours \u00e0 la derni\u00e8re Coupe d\u2019Afrique des Nations au Cameroun.<\/p>\n<p>Le joueur \u00e9tait convoit\u00e9 par plusieurs autres clubs, \u00e0 savoir Nice, Nottingham, Crystal Palace et Southampton.<\/p>\n<p><strong>AK<\/strong><\/p>\n<\/div>\n<p>Auteur: Wamini SIDWAYA<br \/>\n<a href=\"https:\/\/www.sidwaya.info\/blog\/2022\/08\/17\/football-linternational-burkinabe-issa-kabore-est-officiellement-joueur-de-lolympique-de-marseille\/\">Cliquez ici pour lire l&rsquo;article depuis sa source.<\/a><\/p>\n","protected":false},"excerpt":{"rendered":"<p>C\u2019est officiel, l\u2019\u00e9talon Issa Kabor\u00e9 est maintenant un joueur de l\u2019Olympique de Marseille (OM). Le lat\u00e9ral droit burkinab\u00e8 a \u00e9t\u00e9 pr\u00eat\u00e9 pour une saison par Manchester City \u00e0 l\u2019OM pour renforcer son effectif \u00e0 l\u2019approche de la Ligue des Champions. Pour beaucoup d\u2019observateurs, l\u2019international burkinab\u00e8 de 21 ans est plein de promesse au regard de [&hellip;]<\/p>\n","protected":false},"author":1816,"featured_media":0,"comment_status":"closed","ping_status":"closed","sticky":false,"template":"","format":"standard","meta":{"fifu_image_url":"","fifu_image_alt":"","footnotes":""},"categories":[73,81],"tags":[],"class_list":["post-155171","post","type-post","status-publish","format-standard","hentry","category-actualite","category-burkina-faso"],"_links":{"self":[{"href":"https:\/\/linitiative.ca\/International\/wp-json\/wp\/v2\/posts\/155171","targetHints":{"allow":["GET"]}}],"collection":[{"href":"https:\/\/linitiative.ca\/International\/wp-json\/wp\/v2\/posts"}],"about":[{"href":"https:\/\/linitiative.ca\/International\/wp-json\/wp\/v2\/types\/post"}],"author":[{"embeddable":true,"href":"https:\/\/linitiative.ca\/International\/wp-json\/wp\/v2\/users\/1816"}],"replies":[{"embeddable":true,"href":"https:\/\/linitiative.ca\/International\/wp-json\/wp\/v2\/comments?post=155171"}],"version-history":[{"count":0,"href":"https:\/\/linitiative.ca\/International\/wp-json\/wp\/v2\/posts\/155171\/revisions"}],"wp:attachment":[{"href":"https:\/\/linitiative.ca\/International\/wp-json\/wp\/v2\/media?parent=155171"}],"wp:term":[{"taxonomy":"category","embeddable":true,"href":"https:\/\/linitiative.ca\/International\/wp-json\/wp\/v2\/categories?post=155171"},{"taxonomy":"post_tag","embeddable":true,"href":"https:\/\/linitiative.ca\/International\/wp-json\/wp\/v2\/tags?post=155171"}],"curies":[{"name":"wp","href":"https:\/\/api.w.org\/{rel}","templated":true}]}}