{"id":155175,"date":"2022-08-17T12:18:03","date_gmt":"2022-08-17T16:18:03","guid":{"rendered":"https:\/\/linitiative.ca\/International\/bamako-accuse-paris-de-soutenir-les-jihadistes-et-saisit-les-nations-unies\/"},"modified":"2022-08-17T12:18:03","modified_gmt":"2022-08-17T16:18:03","slug":"bamako-accuse-paris-de-soutenir-les-jihadistes-et-saisit-les-nations-unies","status":"publish","type":"post","link":"https:\/\/linitiative.ca\/International\/bamako-accuse-paris-de-soutenir-les-jihadistes-et-saisit-les-nations-unies\/","title":{"rendered":"Bamako accuse Paris de soutenir les jihadistes et saisit les Nations Unies"},"content":{"rendered":"<div>\n<p><img decoding=\"async\" width=\"702\" height=\"393\" src=\"https:\/\/linitiative.ca\/International\/wp-content\/uploads\/sites\/23\/2022\/08\/16607530848576.jpg\" class=\"attachment-post-thumbnail size-post-thumbnail wp-post-image\" alt=\"\" loading=\"lazy\" srcset=\"https:\/\/linitiative.ca\/International\/wp-content\/uploads\/sites\/23\/2022\/08\/16607530848576.jpg 702w, https:\/\/www.journalducameroun.com\/wp-content\/uploads\/2022\/08\/16607530848576-300x168.jpg 300w, https:\/\/www.journalducameroun.com\/wp-content\/uploads\/2022\/08\/16607530848576-160x90.jpg 160w, https:\/\/www.journalducameroun.com\/wp-content\/uploads\/2022\/08\/16607530848576-240x135.jpg 240w, https:\/\/www.journalducameroun.com\/wp-content\/uploads\/2022\/08\/16607530848576-600x336.jpg 600w\" sizes=\"auto, (max-width: 702px) 100vw, 702px\"><\/p>\n<p>Le Mali affirme d\u00e9tenir des preuves d&rsquo;une assistance de la France aux groupes terroristes op\u00e9rant sur son territoire.Le bras de fer diplomatique s&rsquo;intensifie. Deux jours apr\u00e8s la fin du processus de retrait de la force fran\u00e7aise Barkhane du Mali, le ministre des Affaires \u00e9trang\u00e8res, Abdoulaye Diop, a adress\u00e9 une lettre au Conseil de s\u00e9curit\u00e9 de l&rsquo;Organisation des nations unies (Onu) pour d\u00e9noncer des violations de l&rsquo;espace a\u00e9rien de son pays.<\/p>\n<p>Le chef de la diplomatie malienne a \u00e9galement accus\u00e9 l&rsquo;arm\u00e9e fran\u00e7aise de soutenir les groupes jihadistes actifs au Mali et plus g\u00e9n\u00e9ralement au Sahel. \u00ab\u00a0Le gouvernement du Mali dispose de plusieurs \u00e9l\u00e9ments de preuve que ces violations flagrantes de l&rsquo;espace a\u00e9rien malien ont servi \u00e0 la France pour collecter des renseignements au profit des groupes terroristes op\u00e9rant dans le Sahel et pour leur larguer des armes et des munitions\u00a0\u00bb, affirme M. Diop dans la missive dat\u00e9e du 15 ao\u00fbt, jour o\u00f9 les soldats fran\u00e7ais de Barkhane ont annonc\u00e9 leur retrait d\u00e9finitif du territoire malien.<\/p>\n<p>Depuis d\u00e9but 2022, les autorit\u00e9s de transition maliennes indiquent avoir document\u00e9 \u00ab\u00a0plus de 50 cas d\u00e9lib\u00e9r\u00e9s de violation de l&rsquo;espace a\u00e9rien malien par des a\u00e9ronefs \u00e9trangers, op\u00e9r\u00e9s par les forces fran\u00e7aises sous diff\u00e9rentes formes\u00a0\u00bb.<\/p>\n<p>Il s&rsquo;agit de \u00ab\u00a0drones, d&rsquo;h\u00e9licopt\u00e8res ou d&rsquo;avions de chasse \u00bb\u00a0qui auraient survol\u00e9 le Mali \u00ab\u00a0sans autorisation\u00a0\u00bb. D\u00e8s lors, le ministre malien des Affaires \u00e9trang\u00e8res a d\u00e9nonc\u00e9 des \u00ab\u00a0activit\u00e9s d&rsquo;espionnage\u00a0\u00bb et de \u00ab\u00a0subversion\u00a0\u00bb \u00e0 travers la publication d&rsquo;images collect\u00e9es ill\u00e9galement et \u00ab\u00a0montrant des civils tu\u00e9s\u00a0\u00bb en avril dernier \u00e0 Gossi (Nord), non loin d&rsquo;une base r\u00e9troc\u00e9d\u00e9e \u00e0 l&rsquo;arm\u00e9e malienne par les militaires fran\u00e7ais.<\/p>\n<p>\u00ab\u00a0Les r\u00e9sultats de l&rsquo;enqu\u00eate judiciaire men\u00e9e par les services comp\u00e9tents du Mali \u00e9tablissent que les corps y avaient \u00e9t\u00e9 d\u00e9pos\u00e9s bien avant l&rsquo;arriv\u00e9e des forces maliennes \u00e0 Gossi\u00a0\u00bb, a expliqu\u00e9 Abdoulaye Diop. De son c\u00f4t\u00e9, Paris affirmait avoir film\u00e9 des hommes blancs en treillis, pr\u00e9sent\u00e9s comme des mercenaires du groupe russe Wagner, en train d&rsquo;enterrer des corps \u00e0 proximit\u00e9 de la base de Gossi.<\/p>\n<p>La r\u00e9action de Paris attendue<\/p>\n<p>Concernant les nouvelles accusations du Mali, la France n&rsquo;a pas encore r\u00e9agi. Mais sa r\u00e9ponse ne devrait pas tarder compte tenu de la guerre diplomatique que se m\u00e8nent l&rsquo;ex-puissance coloniale et l&rsquo;ancien Soudan fran\u00e7ais.<\/p>\n<p>Le gouvernement du Mali a rappel\u00e9 que c&rsquo;est \u00ab\u00a0en raison des suspicions des man\u0153uvres de d\u00e9stabilisation de la France (qu&rsquo;il) s&rsquo;est fermement oppos\u00e9 \u00e0 la demande de soutien a\u00e9rien de la France \u00e0 la Minusma\u00a0\u00bb, la Mission multidimensionnelle int\u00e9gr\u00e9e des Nations Unies pour la stabilisation au Mali.<\/p>\n<p>En fait, Bamako ne voulait pas que Paris, sous le couvert de la mission onusienne, m\u00e8ne \u00ab\u00a0des op\u00e9rations subversives visant \u00e0 fragiliser davantage\u00a0\u00bb la r\u00e9gion du Sahel. Tout en demandant au Conseil de s\u00e9curit\u00e9 de l&rsquo;Onu la tenue d&rsquo;une \u00ab\u00a0r\u00e9union d&rsquo;urgence sur ces questions\u00a0\u00bb, le Mali se r\u00e9serve \u00ab\u00a0le droit de faire usage de la l\u00e9gitime d\u00e9fense\u00a0\u00bb en cas de \u00ab\u00a0persistance\u00a0\u00bb par la France \u00ab\u00a0dans cette posture qui porte atteinte \u00e0 (sa) stabilit\u00e9 et \u00e0 (sa) s\u00e9curit\u00e9\u00a0\u00bb.<\/p>\n<p>Pr\u00e9sente militairement au Mali depuis pr\u00e8s d&rsquo;une d\u00e9cennie pour combattre le jihadisme, la France est entr\u00e9e en conflit avec la junte au pouvoir. Qualifi\u00e9s d&rsquo;\u00ab\u00a0ill\u00e9gitimes\u00a0\u00bb, les auteurs du coup d&rsquo;Etat contre le pr\u00e9sident Ibrahim Boubacar Ke\u00efta en ao\u00fbt 2020 sont accus\u00e9s par le pr\u00e9sident Emmanuel Macron d&rsquo;avoir favoris\u00e9 l&rsquo;arriv\u00e9e de Wagner, groupe de mercenaires russes. C&rsquo;est d&rsquo;ailleurs l&rsquo;une des raisons qui ont pouss\u00e9 Paris \u00e0 ordonner le retrait de la force Barkhane en f\u00e9vrier dernier.<\/p>\n<p>Cet article <a rel=\"nofollow\" href=\"https:\/\/www.journalducameroun.com\/bamako-accuse-paris-de-soutenir-les-jihadistes-et-saisit-les-nations-unies\/\">Bamako accuse Paris de soutenir les jihadistes et saisit les Nations Unies<\/a> est apparu en premier sur <a rel=\"nofollow\" href=\"https:\/\/www.journalducameroun.com\/\">Journal du Cameroun<\/a>.<\/p>\n<\/div>\n<p>Auteur: APA News<br \/>\n<a href=\"https:\/\/www.journalducameroun.com\/bamako-accuse-paris-de-soutenir-les-jihadistes-et-saisit-les-nations-unies\/\">Cliquez ici pour lire l&rsquo;article depuis sa source.<\/a><\/p>\n","protected":false},"excerpt":{"rendered":"<p>Le Mali affirme d\u00e9tenir des preuves d&rsquo;une assistance de la France aux groupes terroristes op\u00e9rant sur son territoire.Le bras de fer diplomatique s&rsquo;intensifie. Deux jours apr\u00e8s la fin du processus de retrait de la force fran\u00e7aise Barkhane du Mali, le ministre des Affaires \u00e9trang\u00e8res, Abdoulaye Diop, a adress\u00e9 une lettre au Conseil de s\u00e9curit\u00e9 de [&hellip;]<\/p>\n","protected":false},"author":1965,"featured_media":0,"comment_status":"closed","ping_status":"closed","sticky":false,"template":"","format":"standard","meta":{"fifu_image_url":"https:\/\/www.journalducameroun.com\/wp-content\/uploads\/2022\/08\/16607530848576.jpg","fifu_image_alt":"Bamako accuse Paris de soutenir les jihadistes et saisit les Nations Unies","footnotes":""},"categories":[73,82],"tags":[],"class_list":["post-155175","post","type-post","status-publish","format-standard","hentry","category-actualite","category-cameroun"],"_links":{"self":[{"href":"https:\/\/linitiative.ca\/International\/wp-json\/wp\/v2\/posts\/155175","targetHints":{"allow":["GET"]}}],"collection":[{"href":"https:\/\/linitiative.ca\/International\/wp-json\/wp\/v2\/posts"}],"about":[{"href":"https:\/\/linitiative.ca\/International\/wp-json\/wp\/v2\/types\/post"}],"author":[{"embeddable":true,"href":"https:\/\/linitiative.ca\/International\/wp-json\/wp\/v2\/users\/1965"}],"replies":[{"embeddable":true,"href":"https:\/\/linitiative.ca\/International\/wp-json\/wp\/v2\/comments?post=155175"}],"version-history":[{"count":0,"href":"https:\/\/linitiative.ca\/International\/wp-json\/wp\/v2\/posts\/155175\/revisions"}],"wp:attachment":[{"href":"https:\/\/linitiative.ca\/International\/wp-json\/wp\/v2\/media?parent=155175"}],"wp:term":[{"taxonomy":"category","embeddable":true,"href":"https:\/\/linitiative.ca\/International\/wp-json\/wp\/v2\/categories?post=155175"},{"taxonomy":"post_tag","embeddable":true,"href":"https:\/\/linitiative.ca\/International\/wp-json\/wp\/v2\/tags?post=155175"}],"curies":[{"name":"wp","href":"https:\/\/api.w.org\/{rel}","templated":true}]}}