{"id":155187,"date":"2022-08-17T13:20:41","date_gmt":"2022-08-17T17:20:41","guid":{"rendered":"https:\/\/linitiative.ca\/International\/filiere-porcine-le-gouvernement-cherche-40-fermes-pilotes-devant-accueillir-des-porcs-geniteurs\/"},"modified":"2022-08-17T13:20:41","modified_gmt":"2022-08-17T17:20:41","slug":"filiere-porcine-le-gouvernement-cherche-40-fermes-pilotes-devant-accueillir-des-porcs-geniteurs","status":"publish","type":"post","link":"https:\/\/linitiative.ca\/International\/filiere-porcine-le-gouvernement-cherche-40-fermes-pilotes-devant-accueillir-des-porcs-geniteurs\/","title":{"rendered":"Fili\u00e8re porcine\u00a0: le gouvernement cherche 40 fermes pilotes devant accueillir des porcs g\u00e9niteurs"},"content":{"rendered":"<div>\n<p>Apr\u00e8s le passage de la peste porcine africaine au 3e trimestre 2021 et qui a d\u00e9cim\u00e9\u00a0pr\u00e8s de 22,5% de son cheptel, le gouvernement s\u2019est r\u00e9solument engag\u00e9 \u00e0 relancer cette fili\u00e8re. Ce qui explique l\u2019avis de sollicitation d\u2019int\u00e9r\u00eat \u00e0 manifestation d\u2019int\u00e9r\u00eats pour \u00ab\u00a0l\u2019identification des fermes futures b\u00e9n\u00e9ficiaires des porcs g\u00e9niteurs du Projet de d\u00e9veloppement des cha\u00eenes de valeur agricole de l\u2019\u00e9levage et de la pisciculture (Pd-cvep)\u00a0\u00bb, que vient de lancer le ministre de l\u2019Elevage des p\u00eaches et de l\u2019industrie animale (Minepia).\u00a0\u00a0En effet l\u2019action entreprise par ce d\u00e9partement minist\u00e9riel fait suite \u00e0 un premier appel d\u2019offres dans lequel le gouvernement annon\u00e7ait l\u2019importation de 360 porcs g\u00e9niteurs pour relancer la fili\u00e8re porcine au Cameroun.<\/p>\n<p><strong>Lire aussi : <a href=\"https:\/\/ecomatin.net\/filiere-porcine-le-cameroun-recherche-360-nouveaux-porcs-geniteurs-pour-booster-son-capital-genetique\/\" target=\"_blank\" rel=\"noreferrer noopener\">Fili\u00e8re porcine : le Cameroun recherche 360 nouveaux porcs g\u00e9niteurs pour booster son capital g\u00e9n\u00e9tique<\/a><\/strong><\/p>\n<p>Dans le d\u00e9tail,\u00a0\u00a0ce sont au total 40 fermes pilotes qui sont recherch\u00e9es principalement dans les r\u00e9gions du Centre, du Littoral et de l\u2019Ouest. R\u00e9parties en trois cat\u00e9gories \u00e0 savoir les fermes de s\u00e9lection (12), les fermes de multiplication (6) et les fermes de production (22), elles \u00ab\u00a0recevront des porcs am\u00e9lior\u00e9s import\u00e9s et devront les reproduire pour alimenter les autres unit\u00e9s de production du pays pour les quantit\u00e9s et qualit\u00e9s de viande de porc escompt\u00e9es\u00a0\u00bb, peut-on lire dans l\u2019appel d\u2019offres publi\u00e9 dans le quotidien Cameroon tribune du 16 ao\u00fbt 2022.<\/p>\n<p>Mais pour faire partie de celles-ci les acteurs d\u00e9sireux devront remplir plusieurs conditions d\u2019\u00e9ligibilit\u00e9s. Il s\u2019agit de l\u2019acc\u00e8s au site de production\u00a0; l\u2019existence d\u2019un personnel qualifi\u00e9 dans la gestion des porcs (contrats et CV)\u00a0; la robustesse de la ferme (mat\u00e9riaux de construction, \u00e9quipements)\u00a0; la conduite de l\u2019\u00e9levage (taille du cheptel, sp\u00e9cialisation)\u00a0; le degr\u00e9 d\u2019autonomie de la ferme et existence d\u2019un plan de protection sanitaire et bios\u00e9curit\u00e9 d\u00fbment \u00e9tabli pour l\u2019exploitation.<\/p>\n<p><strong>Lire aussi : <a href=\"https:\/\/ecomatin.net\/le-cameroun-importe-100-porcs-geniteurs-pour-relancer-la-filiere-apres-le-passage-de-la-peste-porcine\/\" target=\"_blank\" rel=\"noreferrer noopener\">Le Cameroun importe 100 porcs g\u00e9niteurs pour relancer la fili\u00e8re apr\u00e8s le passage de la peste porcine<\/a><\/strong><\/p>\n<p>S\u2019agissant du processus de s\u00e9lection, les candidats seront choisis sur la base de : la tra\u00e7abilit\u00e9 du suivi de la ferme (diverses fiches, registres)\u00a0; les pratiques justifiant du respect du genre au sein de l\u2019exploitation\u00a0; les pratiques justifiant du respect de l\u2019environnement au sein de l\u2019exploitation\u00a0;la\u00a0\u00a0pratique de techniques modernes de conduite de l\u2019\u00e9levage (ins\u00e9mination artificielle, engraissement, identification animale, sevrage, cat\u00e9gorisation, etc.)\u00a0; l\u2019ambiance de la ferme (conformit\u00e9 zootechnique)\u00a0; la ma\u00eetrise du circuit d\u2019approvisionnement et justification d\u2019une protection sanitaire et d\u2019une bios\u00e9curit\u00e9 op\u00e9rationnelle (prophylaxie, barri\u00e8re de s\u00e9curit\u00e9, p\u00e9diluve, sas, rotoluve, salubrit\u00e9, etc.).\u00a0\u00a0Indiquons ici qu\u2019un d\u00e9lai de 21 jours apr\u00e8s la publication de l\u2019appel d\u2019offres leur est impos\u00e9 pour d\u00e9poser leurs candidatures aupr\u00e8s du Pd-cvep.<\/p>\n<p>Rappelons que le Projet de d\u00e9veloppement des cha\u00eenes de valeur agricole de l\u2019\u00e9levage et de la pisciculture (Pd-cvep), b\u00e9n\u00e9ficie d\u2019un financement de 65 milliards de Fcfa, de la part de la Banque africaine de d\u00e9veloppement (BAD) et de l\u2019Etat du Cameroun. D\u2019une dur\u00e9e de 5 ans, il se concentre sur trois cha\u00eenes de valeurs\u00a0: porcine, bovine et piscicole.<\/p>\n<p><strong>Lire aussi : <a href=\"https:\/\/ecomatin.net\/filiere-porcine-le-gouvernement-va-importer-300-porcs-geniteurs-pour-booster-la-filiere\/\" target=\"_blank\" rel=\"noreferrer noopener\">Fili\u00e8re porcine : le gouvernement va importer 300 porcs g\u00e9niteurs pour booster la fili\u00e8re<\/a>\u00a0 \u00a0\u00a0<\/strong><\/p>\n<p>L\u2019article <a rel=\"nofollow\" href=\"https:\/\/ecomatin.net\/filiere-porcine-le-gouvernement-cherche-40-fermes-pilotes-devant-accueillir-des-porcs-geniteurs\/\">Fili\u00e8re porcine\u00a0: le gouvernement cherche 40 fermes pilotes devant accueillir des porcs g\u00e9niteurs<\/a> est apparu en premier sur <a rel=\"nofollow\" href=\"https:\/\/ecomatin.net\/\">EcoMatin<\/a>.<\/p>\n<\/div>\n<p>Auteur: Cindy MBALA<br \/>\n<a href=\"https:\/\/ecomatin.net\/filiere-porcine-le-gouvernement-cherche-40-fermes-pilotes-devant-accueillir-des-porcs-geniteurs\/\">Cliquez ici pour lire l&rsquo;article depuis sa source.<\/a><\/p>\n","protected":false},"excerpt":{"rendered":"<p>Apr\u00e8s le passage de la peste porcine africaine au 3e trimestre 2021 et qui a d\u00e9cim\u00e9\u00a0pr\u00e8s de 22,5% de son cheptel, le gouvernement s\u2019est r\u00e9solument engag\u00e9 \u00e0 relancer cette fili\u00e8re. Ce qui explique l\u2019avis de sollicitation d\u2019int\u00e9r\u00eat \u00e0 manifestation d\u2019int\u00e9r\u00eats pour \u00ab\u00a0l\u2019identification des fermes futures b\u00e9n\u00e9ficiaires des porcs g\u00e9niteurs du Projet de d\u00e9veloppement des cha\u00eenes [&hellip;]<\/p>\n","protected":false},"author":1969,"featured_media":0,"comment_status":"closed","ping_status":"closed","sticky":false,"template":"","format":"standard","meta":{"fifu_image_url":"","fifu_image_alt":"","footnotes":""},"categories":[82,78],"tags":[],"class_list":["post-155187","post","type-post","status-publish","format-standard","hentry","category-cameroun","category-economie"],"_links":{"self":[{"href":"https:\/\/linitiative.ca\/International\/wp-json\/wp\/v2\/posts\/155187","targetHints":{"allow":["GET"]}}],"collection":[{"href":"https:\/\/linitiative.ca\/International\/wp-json\/wp\/v2\/posts"}],"about":[{"href":"https:\/\/linitiative.ca\/International\/wp-json\/wp\/v2\/types\/post"}],"author":[{"embeddable":true,"href":"https:\/\/linitiative.ca\/International\/wp-json\/wp\/v2\/users\/1969"}],"replies":[{"embeddable":true,"href":"https:\/\/linitiative.ca\/International\/wp-json\/wp\/v2\/comments?post=155187"}],"version-history":[{"count":0,"href":"https:\/\/linitiative.ca\/International\/wp-json\/wp\/v2\/posts\/155187\/revisions"}],"wp:attachment":[{"href":"https:\/\/linitiative.ca\/International\/wp-json\/wp\/v2\/media?parent=155187"}],"wp:term":[{"taxonomy":"category","embeddable":true,"href":"https:\/\/linitiative.ca\/International\/wp-json\/wp\/v2\/categories?post=155187"},{"taxonomy":"post_tag","embeddable":true,"href":"https:\/\/linitiative.ca\/International\/wp-json\/wp\/v2\/tags?post=155187"}],"curies":[{"name":"wp","href":"https:\/\/api.w.org\/{rel}","templated":true}]}}