{"id":155188,"date":"2022-08-17T13:24:02","date_gmt":"2022-08-17T17:24:02","guid":{"rendered":"https:\/\/linitiative.ca\/International\/solen-lance-un-projet-de-centrale-solaire-de-120-mw-au-gabon\/"},"modified":"2022-08-17T13:24:02","modified_gmt":"2022-08-17T17:24:02","slug":"solen-lance-un-projet-de-centrale-solaire-de-120-mw-au-gabon","status":"publish","type":"post","link":"https:\/\/linitiative.ca\/International\/solen-lance-un-projet-de-centrale-solaire-de-120-mw-au-gabon\/","title":{"rendered":"Solen lance un projet de centrale solaire de 120 MW au Gabon"},"content":{"rendered":"<div>\n<p>Six mois apr\u00e8s la signature du contrat d\u2019achat d\u2019\u00e9lectricit\u00e9 \u00e0 long terme avec les autorit\u00e9s gabonaises, Solen, une filiale de Solen Renewables Duba\u00ef passe \u00e0 l\u2019action. Cette derni\u00e8re a lanc\u00e9 vendredi 12 ao\u00fbt 2022, les travaux de construction de la centrale solaire photovolta\u00efque d\u2019Ayem\u00e9 Plaine. Le projet est financ\u00e9 par l\u2019entreprise susmentionn\u00e9e \u00e0 hauteur de 150\u00a0millions d\u2019euros soit 98,7\u00a0milliards de Fcfa. D\u2019une capacit\u00e9 maximale de 120 Mw, la centrale situ\u00e9e \u00e0 environ 16 kilom\u00e8tres au sud-ouest de la ville de Ntoum \u00e0 une trentaine de kilom\u00e8tres de Libreville la capitale, s\u2019\u00e9tend sur 251 hectares de terrain.<\/p>\n<p><strong>Lire aussi : <a href=\"https:\/\/ecomatin.net\/exploitation-du-gaz-le-think-tank-londonien-chatam-house-va-prospecter2-des-investisseurs-internationaux-pour-le-gabon\/\" target=\"_blank\" rel=\"noreferrer noopener\">Exploitation du gaz\u00a0: le Think Tank londonien Chatam House va prospecter des investisseurs internationaux pour le Gabon<\/a><\/strong><\/p>\n<p>Les travaux y relatifs seront ex\u00e9cut\u00e9s en deux phases. La premi\u00e8re concerne le d\u00e9veloppement, la construction et l\u2019exploitation d\u2019une centrale \u00e9lectrique \u00e0 base de modules photovolta\u00efques solaires pour 30 Mw y compris dans un syst\u00e8me de stockage d\u2019\u00e9nergie par batterie (Bess) de 8 MWhr. Selon le ma\u00eetre d\u2019\u0153uvre, \u00ab\u2009l\u2019\u00e9nergie produite pendant la premi\u00e8re phase remplacera environ 100\u2009000\u00a0tonnes de CO2\u00a0par an\u2009\u00bb.\u00a0Quant \u00e0 la deuxi\u00e8me phase, elle sera ax\u00e9e sur le d\u00e9veloppement de 30 Mw suppl\u00e9mentaires et 7 MWhr de Bess pour compl\u00e9ter les \u00a060 Mw + 15 MWhr pr\u00e9vus.<\/p>\n<p><strong>Lire aussi : <a href=\"https:\/\/ecomatin.net\/le-milliardaire-americain-jeff-bezos-octroie-pres-de-23-milliards-de-fcfa-au-gabon-pour-la-preservation-des-forets\/\" target=\"_blank\" rel=\"noreferrer noopener\">Le milliardaire am\u00e9ricain Jeff Bezos octroie pr\u00e8s de 23 milliards de Fcfa au Gabon pour la pr\u00e9servation des for\u00eats<\/a><\/strong><\/p>\n<p>La technologie des trackers solaires utilis\u00e9e dans le cadre de ce projet va permettre de renforcer l\u2019efficacit\u00e9 des panneaux solaires en les faisant suivre la trajectoire du soleil. Selon les pr\u00e9visions, l\u2019infrastructure doit \u00eatre livr\u00e9e en juillet 2023 et Solen\u00a0<em>\u00ab\u2009exploitera et entretiendra cette usine pendant 25\u00a0ans \u2009\u00bb<\/em><em>.<\/em><\/p>\n<p>D\u2019apr\u00e8s le contrat d\u2019achat d\u2019\u00e9lectricit\u00e9 \u00e0 long terme sign\u00e9 le 11 mars 2022 entre le gouvernement gabonais et Solen, la totalit\u00e9 de l\u2019\u00e9lectricit\u00e9 produite par l\u2019usine sera vendue \u00e0 la Soci\u00e9t\u00e9\u00a0 d\u2019\u00e9nergie\u00a0 et d\u2019eau du Gabon(Seeg).<\/p>\n<p><strong>Lire aussi : <a href=\"https:\/\/ecomatin.net\/energie-electrique-kye-ossi-desormais-raccordee-au-barrage-de-memvele\/\" target=\"_blank\" rel=\"noreferrer noopener\">Energie \u00e9lectrique:\u00a0Kye-Ossi d\u00e9sormais raccord\u00e9e au barrage de\u00a0Memve\u2019le<\/a><\/strong><\/p>\n<p>Il convient de rappeler que ce chantier structurant \u00e9pouse la strat\u00e9gie nationale du gouvernement qui \u00e0 travers son plan de Cadrage budg\u00e9taire \u00e0 moyen terme (Cbmt) 2022-2024, entend promouvoir les objectifs \u00e0 moyen terme du Plan d\u2019acc\u00e9l\u00e9ration de la transformation (Pat) par une \u00e9nergie plus verte en faisant des \u00e9nergies renouvelables un contributeur majeur du secteur.<\/p>\n<p>L\u2019article <a rel=\"nofollow\" href=\"https:\/\/ecomatin.net\/solen-lance-un-projet-de-centrale-solaire-de-120-mw-au-gabon\/\">Solen lance un projet de centrale solaire de 120 MW au Gabon<\/a> est apparu en premier sur <a rel=\"nofollow\" href=\"https:\/\/ecomatin.net\/\">EcoMatin<\/a>.<\/p>\n<\/div>\n<p>Auteur: Marius Zogo<br \/>\n<a href=\"https:\/\/ecomatin.net\/solen-lance-un-projet-de-centrale-solaire-de-120-mw-au-gabon\/\">Cliquez ici pour lire l&rsquo;article depuis sa source.<\/a><\/p>\n","protected":false},"excerpt":{"rendered":"<p>Six mois apr\u00e8s la signature du contrat d\u2019achat d\u2019\u00e9lectricit\u00e9 \u00e0 long terme avec les autorit\u00e9s gabonaises, Solen, une filiale de Solen Renewables Duba\u00ef passe \u00e0 l\u2019action. Cette derni\u00e8re a lanc\u00e9 vendredi 12 ao\u00fbt 2022, les travaux de construction de la centrale solaire photovolta\u00efque d\u2019Ayem\u00e9 Plaine. Le projet est financ\u00e9 par l\u2019entreprise susmentionn\u00e9e \u00e0 hauteur de [&hellip;]<\/p>\n","protected":false},"author":1969,"featured_media":0,"comment_status":"closed","ping_status":"closed","sticky":false,"template":"","format":"standard","meta":{"fifu_image_url":"","fifu_image_alt":"","footnotes":""},"categories":[82,78],"tags":[],"class_list":["post-155188","post","type-post","status-publish","format-standard","hentry","category-cameroun","category-economie"],"_links":{"self":[{"href":"https:\/\/linitiative.ca\/International\/wp-json\/wp\/v2\/posts\/155188","targetHints":{"allow":["GET"]}}],"collection":[{"href":"https:\/\/linitiative.ca\/International\/wp-json\/wp\/v2\/posts"}],"about":[{"href":"https:\/\/linitiative.ca\/International\/wp-json\/wp\/v2\/types\/post"}],"author":[{"embeddable":true,"href":"https:\/\/linitiative.ca\/International\/wp-json\/wp\/v2\/users\/1969"}],"replies":[{"embeddable":true,"href":"https:\/\/linitiative.ca\/International\/wp-json\/wp\/v2\/comments?post=155188"}],"version-history":[{"count":0,"href":"https:\/\/linitiative.ca\/International\/wp-json\/wp\/v2\/posts\/155188\/revisions"}],"wp:attachment":[{"href":"https:\/\/linitiative.ca\/International\/wp-json\/wp\/v2\/media?parent=155188"}],"wp:term":[{"taxonomy":"category","embeddable":true,"href":"https:\/\/linitiative.ca\/International\/wp-json\/wp\/v2\/categories?post=155188"},{"taxonomy":"post_tag","embeddable":true,"href":"https:\/\/linitiative.ca\/International\/wp-json\/wp\/v2\/tags?post=155188"}],"curies":[{"name":"wp","href":"https:\/\/api.w.org\/{rel}","templated":true}]}}