{"id":155255,"date":"2022-08-18T11:42:25","date_gmt":"2022-08-18T15:42:25","guid":{"rendered":"https:\/\/linitiative.ca\/International\/mauritanie-taux-de-mortalite-maternelle-et-infantile-toujours-eleves-des-specialistes-en-parle-au-cour-dun-webinaire-des-medias\/"},"modified":"2022-08-18T11:42:25","modified_gmt":"2022-08-18T15:42:25","slug":"mauritanie-taux-de-mortalite-maternelle-et-infantile-toujours-eleves-des-specialistes-en-parle-au-cour-dun-webinaire-des-medias","status":"publish","type":"post","link":"https:\/\/linitiative.ca\/International\/mauritanie-taux-de-mortalite-maternelle-et-infantile-toujours-eleves-des-specialistes-en-parle-au-cour-dun-webinaire-des-medias\/","title":{"rendered":"Mauritanie\u00a0: Taux de mortalit\u00e9 maternelle et infantile toujours \u00e9lev\u00e9s des sp\u00e9cialistes en parle au cour d\u2019un webinaire des m\u00e9dias"},"content":{"rendered":"<div>\n<p><strong><em>En Mauritanie, les taux de mortalit\u00e9 maternelle et n\u00e9onatale sont encore \u00e9lev\u00e9s, malgr\u00e9 les nombreux efforts consentis par le gouvernement et les partenaires au d\u00e9veloppement.\u00a0 Pour comprendre les causes de cette situation, le REMAPSEN a organis\u00e9 un webinaire le mercredi 3 ao\u00fbt au si\u00e8ge de la Haute Autorit\u00e9 de la Presse et de l\u2019Audiovisuelle (HAPA).<\/em><\/strong><\/p>\n<p>Le taux relativement \u00e9lev\u00e9 de la mortalit\u00e9 maternelle et infantile en Mauritanie, interpelle toutes couches socio-professionnelles du pays, y compris les m\u00e9dias. C\u2019est ce qui explique l\u2019organisation de ce webinaire initi\u00e9 par la coordination nationale du r\u00e9seau des m\u00e9dias africains pour la promotion de la sant\u00e9 et de l\u2019environnement. A cette occasion, le REMAPSEN a r\u00e9uni des sp\u00e9cialistes de la question autour d\u2019un th\u00e8me : La mortalit\u00e9 maternelle et infantile en Afrique : Cas de la Mauritanie. Au regard de la complexit\u00e9 du sujet, deux \u00e9minents sp\u00e9cialistes ont \u00e9t\u00e9 invit\u00e9s \u00e0 instruire les journalistes du REMAPSEN issus des 25 pays de l\u2019Afrique de l\u2019Ouest, du Centre et de Madagascar. Il s\u2019agit du Directeur G\u00e9n\u00e9ral de la sant\u00e9 publique, le Dr Mohamed Mahmoud Ely Mahmoud et du Dr Mohamed Elkory Boutou, responsable charg\u00e9 de la sant\u00e9 de la reproduction \u00e0 l\u2019UNFPA. Dans son expos\u00e9, le Directeur g\u00e9n\u00e9ral de la sant\u00e9 publique a expliqu\u00e9 les principales causes de cette situation que vit la Mauritanie \u00e0 l\u2019instar de plusieurs autres pays Africains, avant d\u2019informer l\u2019auditoire que le gouvernement a pris toute la mesure de la situation. Ainsi, les priorit\u00e9s suivantes ont \u00e9t\u00e9 prises pour r\u00e9duire le taux de mortalit\u00e9 maternelle et n\u00e9onatale. Il s\u2019agit de la r\u00e9duction des barri\u00e8res financi\u00e8res et socio-culturelles, de l\u2019int\u00e9gration de l\u2019offre de services de sant\u00e9 maternelle et n\u00e9onatale, l\u2019implication de la communaut\u00e9 dans la gestion du syst\u00e8me de sant\u00e9, le d\u00e9veloppement de la distribution \u00e0 base communautaire des contraceptifs, la disponibilit\u00e9 des produits de la sant\u00e9 de la reproduction et le d\u00e9veloppement du plaidoyer pour un engagement\u00a0\u00a0\u00a0 politique et financier. Toutes choses qui devraient selon le Directeur G\u00e9n\u00e9ral de la sant\u00e9 publique, r\u00e9duire consid\u00e9rablement le taux actuel de mortalit\u00e9 maternelle et n\u00e9onatale en Mauritanie.<\/p>\n<figure id=\"attachment_53537\" aria-describedby=\"caption-attachment-53537\" style=\"width: 243px\" class=\"wp-caption alignnone\"><img loading=\"lazy\" decoding=\"async\" data-attachment-id=\"53537\" data-permalink=\"https:\/\/www.sidwaya.info\/blog\/2022\/08\/18\/mauritanie-taux-de-mortalite-maternelle-et-infantile-toujours-eleves-des-specialistes-en-parle-au-cour-dun-webinaire-des-medias\/dr-mohamed-elkory-boutou-charge-de-la-sante-reproductive-a-lunfpa-mauritanie\/\" data-orig-file=\"https:\/\/i0.wp.com\/www.sidwaya.info\/wp-content\/uploads\/2022\/08\/Dr-Mohamed-Elkory-Boutou-Charge-de-la-sante-reproductive-a-lUNFPA-Mauritanie.jpg?fit=243%2C271&amp;ssl=1\" data-orig-size=\"243,271\" data-comments-opened=\"1\" data-image-meta='{\"aperture\":\"0\",\"credit\":\"\",\"camera\":\"\",\"caption\":\"\",\"created_timestamp\":\"0\",\"copyright\":\"\",\"focal_length\":\"0\",\"iso\":\"0\",\"shutter_speed\":\"0\",\"title\":\"\",\"orientation\":\"0\"}' data-image-title=\"Dr Mohamed Elkory Boutou Charg\u00e9 de la sant\u00e9 reproductive \u00e0 l\u2019UNFPA, Mauritanie\" data-image-description=\"\" data-image-caption=\"&lt;p&gt;Dr-Mohamed-Elkory-Boutou-Charge-de-la-sante-reproductive-a-lUNFPA-Mauritanie&lt;\/p&gt;\n\" data-medium-file=\"https:\/\/i0.wp.com\/www.sidwaya.info\/wp-content\/uploads\/2022\/08\/Dr-Mohamed-Elkory-Boutou-Charge-de-la-sante-reproductive-a-lUNFPA-Mauritanie.jpg?fit=243%2C271&amp;ssl=1\" data-large-file=\"https:\/\/i0.wp.com\/www.sidwaya.info\/wp-content\/uploads\/2022\/08\/Dr-Mohamed-Elkory-Boutou-Charge-de-la-sante-reproductive-a-lUNFPA-Mauritanie.jpg?fit=243%2C271&amp;ssl=1\" class=\"size-full wp-image-53537\" src=\"https:\/\/i0.wp.com\/www.sidwaya.info\/wp-content\/uploads\/2022\/08\/Dr-Mohamed-Elkory-Boutou-Charge-de-la-sante-reproductive-a-lUNFPA-Mauritanie.jpg?resize=243,271&amp;ssl=1\" alt=\"\" width=\"243\" height=\"271\" srcset=\"https:\/\/i0.wp.com\/www.sidwaya.info\/wp-content\/uploads\/2022\/08\/Dr-Mohamed-Elkory-Boutou-Charge-de-la-sante-reproductive-a-lUNFPA-Mauritanie.jpg?w=243&amp;ssl=1 243w, https:\/\/i0.wp.com\/www.sidwaya.info\/wp-content\/uploads\/2022\/08\/Dr-Mohamed-Elkory-Boutou-Charge-de-la-sante-reproductive-a-lUNFPA-Mauritanie.jpg?resize=150%2C167&amp;ssl=1 150w\" sizes=\"auto, (max-width: 243px) 100vw, 243px\" data-recalc-dims=\"1\"><figcaption id=\"caption-attachment-53537\" class=\"wp-caption-text\">Dr-Mohamed-Elkory-Boutou-Charge-de-la-sante-reproductive-a-lUNFPA-Mauritanie<\/figcaption><\/figure>\n<p>A la suite du Directeur g\u00e9n\u00e9ral de la sant\u00e9, le responsable en charge de la sant\u00e9 de la reproduction \u00e0 l\u2019UNFPA, Dr Mohamed Elkory Boutou a expliqu\u00e9 le r\u00f4le de l\u2019UNFPA aupr\u00e8s du gouvernement et des acteurs de la soci\u00e9t\u00e9 civile dans la lutte contre la mortalit\u00e9 maternelle et n\u00e9onatale. Il a identifi\u00e9 trois principales causes appel\u00e9es \u00ab\u00a0Les trois retards\u00a0\u00bb \u00e0 savoir \u00ab le retard pris pour d\u00e9cider de consulter un m\u00e9decin, le retard pris pour arriver \u00e0 l\u2019\u00e9tablissement de sant\u00e9 et le retard pris pour recevoir un traitement ad\u00e9quat\u00a0\u00bb. Toujours selon le Dr Boutou\u00a0\u00ab\u00a0une femme qui meurt \u00e9quivaut \u00e0 20 \u00e0 30 femmes qui ont des s\u00e9quelles\u00a0\u00bb. Il a ensuite indiqu\u00e9 que \u00ab\u00a0le d\u00e9c\u00e8s maternel est le drame ultime\u00a0\u00bb. Outre ces d\u00e9c\u00e8s, l\u2019on peut aussi noter d\u2019autres cons\u00e9quences physiques chez la femme dont les fistules obst\u00e9tricales avec son corolaire de cons\u00e9quences que sont la perte du b\u00e9b\u00e9, le bannissement de la m\u00e8re de la soci\u00e9t\u00e9, le divorce, le handicap, etc\u2026D\u2019o\u00f9 l\u2019urgence de mener des actions concert\u00e9es avec tous les acteurs exer\u00e7ant dans le secteur de la mortalit\u00e9 maternelle et infantile, \u00e0 savoir\u00a0\u00ab\u00a0l\u2019accroissement du budget du budget allou\u00e9 \u00e0 la sant\u00e9, une meilleure r\u00e9partition des personnels de sant\u00e9 en particulier les sages-femmes, l\u2019implication des populations dans la gestion de leur sant\u00e9 et la lutte contre les VBG. <strong>\u00a0<\/strong>Au terme de ce panel riche en enseignements, les deux orateurs ont invit\u00e9 les m\u00e9dias \u00e0 s\u2019engager davantage dans le combat contre la mortalit\u00e9 maternelle et infantile avec des actions de communication. Le Directeur de la HAPA, M. Housseinou Ould Meddou s\u2019est f\u00e9licit\u00e9 de l\u2019organisation de ce webinaire au si\u00e8ge de son institution et a saisi l\u2019occasion pour encourager les journalistes \u00e0 faire toujours un peu plus pour un monde meilleur dans le domaine de la sant\u00e9. Au nom du REMAPSEN, le coordonnateur national M. Gueye Bakary a remerci\u00e9 les pan\u00e9listes et tous les participants pour leur disponibilit\u00e9 avant de r\u00e9affirmer l\u2019engagement de son organisation \u00e0 r\u00e9\u00e9diter ce genre d\u2019initiatives. En concluant la session, le Pr\u00e9sident du REMAPSEN M. Bamba Youssouf s\u2019est f\u00e9licit\u00e9 de la bonne organisation du webinaire et du tr\u00e8s haut niveau des d\u00e9bats. Signalons que ce webinaire du REMAPSEN a enregistr\u00e9 la participation de dix-huit (18) des vingt-cinq (25) pays membres du REMAPSEN.<\/p>\n<p>\u00a0<\/p>\n<p>Service de communication du REMAPSEN<\/p>\n<\/div>\n<p>Auteur: Wamini SIDWAYA<br \/>\n<a href=\"https:\/\/www.sidwaya.info\/blog\/2022\/08\/18\/mauritanie-taux-de-mortalite-maternelle-et-infantile-toujours-eleves-des-specialistes-en-parle-au-cour-dun-webinaire-des-medias\/\">Cliquez ici pour lire l&rsquo;article depuis sa source.<\/a><\/p>\n","protected":false},"excerpt":{"rendered":"<p>En Mauritanie, les taux de mortalit\u00e9 maternelle et n\u00e9onatale sont encore \u00e9lev\u00e9s, malgr\u00e9 les nombreux efforts consentis par le gouvernement et les partenaires au d\u00e9veloppement.\u00a0 Pour comprendre les causes de cette situation, le REMAPSEN a organis\u00e9 un webinaire le mercredi 3 ao\u00fbt au si\u00e8ge de la Haute Autorit\u00e9 de la Presse et de l\u2019Audiovisuelle (HAPA). [&hellip;]<\/p>\n","protected":false},"author":1816,"featured_media":0,"comment_status":"closed","ping_status":"closed","sticky":false,"template":"","format":"standard","meta":{"fifu_image_url":"https:\/\/i0.wp.com\/www.sidwaya.info\/wp-content\/uploads\/2022\/08\/Dr-Mohamed-Elkory-Boutou-Charge-de-la-sante-reproductive-a-lUNFPA-Mauritanie.jpg?resize=243,271&ssl=1","fifu_image_alt":"Mauritanie\u00a0: Taux de mortalit\u00e9 maternelle et infantile toujours \u00e9lev\u00e9s des sp\u00e9cialistes en parle au cour d\u2019un webinaire des m\u00e9dias","footnotes":""},"categories":[73,81],"tags":[],"class_list":["post-155255","post","type-post","status-publish","format-standard","hentry","category-actualite","category-burkina-faso"],"_links":{"self":[{"href":"https:\/\/linitiative.ca\/International\/wp-json\/wp\/v2\/posts\/155255","targetHints":{"allow":["GET"]}}],"collection":[{"href":"https:\/\/linitiative.ca\/International\/wp-json\/wp\/v2\/posts"}],"about":[{"href":"https:\/\/linitiative.ca\/International\/wp-json\/wp\/v2\/types\/post"}],"author":[{"embeddable":true,"href":"https:\/\/linitiative.ca\/International\/wp-json\/wp\/v2\/users\/1816"}],"replies":[{"embeddable":true,"href":"https:\/\/linitiative.ca\/International\/wp-json\/wp\/v2\/comments?post=155255"}],"version-history":[{"count":0,"href":"https:\/\/linitiative.ca\/International\/wp-json\/wp\/v2\/posts\/155255\/revisions"}],"wp:attachment":[{"href":"https:\/\/linitiative.ca\/International\/wp-json\/wp\/v2\/media?parent=155255"}],"wp:term":[{"taxonomy":"category","embeddable":true,"href":"https:\/\/linitiative.ca\/International\/wp-json\/wp\/v2\/categories?post=155255"},{"taxonomy":"post_tag","embeddable":true,"href":"https:\/\/linitiative.ca\/International\/wp-json\/wp\/v2\/tags?post=155255"}],"curies":[{"name":"wp","href":"https:\/\/api.w.org\/{rel}","templated":true}]}}