{"id":155259,"date":"2022-08-18T12:03:09","date_gmt":"2022-08-18T16:03:09","guid":{"rendered":"https:\/\/linitiative.ca\/International\/cameroun-programmation-budgetaire-2023-2025-4526-milliards-de-f-pour-474-projets\/"},"modified":"2022-08-18T12:03:09","modified_gmt":"2022-08-18T16:03:09","slug":"cameroun-programmation-budgetaire-2023-2025-4526-milliards-de-f-pour-474-projets","status":"publish","type":"post","link":"https:\/\/linitiative.ca\/International\/cameroun-programmation-budgetaire-2023-2025-4526-milliards-de-f-pour-474-projets\/","title":{"rendered":"Cameroun-programmation budg\u00e9taire 2023-2025\u00a0: 4526 milliards de F pour 474 projets"},"content":{"rendered":"<div>\n<p><img decoding=\"async\" width=\"500\" height=\"334\" src=\"https:\/\/linitiative.ca\/International\/wp-content\/uploads\/sites\/23\/2022\/08\/budget.jpg\" class=\"attachment-post-thumbnail size-post-thumbnail wp-post-image\" alt=\"\" loading=\"lazy\" srcset=\"https:\/\/linitiative.ca\/International\/wp-content\/uploads\/sites\/23\/2022\/08\/budget.jpg 500w, https:\/\/www.journalducameroun.com\/wp-content\/uploads\/2022\/08\/budget-300x200.jpg 300w\" sizes=\"auto, (max-width: 500px) 100vw, 500px\"><\/p>\n<h2 style=\"text-align: justify;\">Les contours ont \u00e9t\u00e9 pr\u00e9sent\u00e9s ce 16 ao\u00fbt \u00e0 Yaound\u00e9 lors des conf\u00e9rences \u00e9largies de Programmation budg\u00e9taire et de la performance associ\u00e9e 2023-2025.<\/h2>\n<p style=\"text-align: justify;\"><em>2023-2025. <\/em>Le 16 ao\u00fbt par les ministres de l\u2019\u00c9conomie, Alamine Ousmane Mey et des Finances, Louis Paul Motaze ont co-pr\u00e9sid\u00e9 une rencontre, visant \u00e0 \u00e9valuer la couverture budg\u00e9taire n\u00e9cessaire \u00e0 l\u2019ach\u00e8vement de tous les projets d\u2019investissement en cours.<\/p>\n<p style=\"text-align: justify;\">Il s\u2019agit de 474 projets pour une enveloppe globale de 4526 milliards de Fcfa, soit 73% des ressources ext\u00e9rieures et 27 % des ressources internes. En effet, ce sont des projets relatifs principalement aux secteurs d\u2019infrastructures (50%) et de gouvernance et d\u2019administration g\u00e9n\u00e9rale (18%).<\/p>\n<p style=\"text-align: justify;\">Au total, 32 administrations sont concern\u00e9es par les projets en cours d\u2019ex\u00e9cution. Parmi celles qui en disposent le plus grand nombre, le minist\u00e8re de l\u2019Habitat et du d\u00e9veloppement urbain (110 projets), le minist\u00e8re des Travaux publics (86 projets), le minist\u00e8re de l\u2019\u00c9conomie (38 projets) et le minist\u00e8re de l\u2019Eau et de l\u2019\u00c9nergie (28 projets).<\/p>\n<p style=\"text-align: justify;\">Les conf\u00e9rences \u00e9largies de programmation budg\u00e9taire et de la performance associ\u00e9e qui s\u2019ach\u00e8vent le 26 ao\u00fbt prochain devront aboutir \u00e0 l\u2019actualisation de la base des donn\u00e9es des diff\u00e9rents d\u00e9partements minist\u00e9riels en vue de l\u2019ach\u00e8vement des projets recens\u00e9s.<\/p>\n<p style=\"text-align: justify;\">Pendant 10 jours, les responsables des organes constitutionnels et des d\u00e9partements minist\u00e9riels vont examiner et affiner la programmation des d\u00e9penses de l\u2019Etat sur le triennat 2023-2025 et la performance y relative, contenues dans les Cadres de D\u00e9penses \u00e0 Moyen Terme (CDMTs) ajust\u00e9s par les administrations publiques apr\u00e8s le D\u00e9bat d\u2019Orientation Budg\u00e9taire.<\/p>\n<p style=\"text-align: justify;\">Cette session des CEPB-PA 2022 se tient \u00e0 la suite du Comit\u00e9 Interminist\u00e9riel d\u2019Examen des Programmes (CIEP), qui a r\u00e9cemment propos\u00e9 \u00e0 la sanction du Premier Ministre, Chef du Gouvernement, la cartographie des programmes \u00e0 mettre en \u0153uvre au sein des administrations publiques pour les 03 prochaines ann\u00e9es.<\/p>\n<p style=\"text-align: justify;\">Il s\u2019agit donc pour ces responsables des administrations publiques de d\u00e9cliner une programmation budg\u00e9taire pour la mise en \u0153uvre de ces programmes, et de proc\u00e9der aux ajustements n\u00e9cessaires des objectifs de chaque programme en fonction des allocations budg\u00e9taires retenues.<\/p>\n<p style=\"text-align: justify;\"><em>\u00a0<\/em><\/p>\n<p>Cet article <a rel=\"nofollow\" href=\"https:\/\/www.journalducameroun.com\/cameroun-programmation-budgetaire-2023-2025-4526-milliards-de-f-pour-474-projets\/\">Cameroun-programmation budg\u00e9taire 2023-2025\u00a0: 4526 milliards de F pour 474 projets<\/a> est apparu en premier sur <a rel=\"nofollow\" href=\"https:\/\/www.journalducameroun.com\/\">Journal du Cameroun<\/a>.<\/p>\n<\/div>\n<p>Auteur: Esther FOSSI<br \/>\n<a href=\"https:\/\/www.journalducameroun.com\/cameroun-programmation-budgetaire-2023-2025-4526-milliards-de-f-pour-474-projets\/\">Cliquez ici pour lire l&rsquo;article depuis sa source.<\/a><\/p>\n","protected":false},"excerpt":{"rendered":"<p>Les contours ont \u00e9t\u00e9 pr\u00e9sent\u00e9s ce 16 ao\u00fbt \u00e0 Yaound\u00e9 lors des conf\u00e9rences \u00e9largies de Programmation budg\u00e9taire et de la performance associ\u00e9e 2023-2025. 2023-2025. Le 16 ao\u00fbt par les ministres de l\u2019\u00c9conomie, Alamine Ousmane Mey et des Finances, Louis Paul Motaze ont co-pr\u00e9sid\u00e9 une rencontre, visant \u00e0 \u00e9valuer la couverture budg\u00e9taire n\u00e9cessaire \u00e0 l\u2019ach\u00e8vement de [&hellip;]<\/p>\n","protected":false},"author":1965,"featured_media":0,"comment_status":"closed","ping_status":"closed","sticky":false,"template":"","format":"standard","meta":{"fifu_image_url":"https:\/\/www.journalducameroun.com\/wp-content\/uploads\/2022\/08\/budget.jpg","fifu_image_alt":"Cameroun-programmation budg\u00e9taire 2023-2025\u00a0: 4526 milliards de F pour 474 projets","footnotes":""},"categories":[73,82],"tags":[],"class_list":["post-155259","post","type-post","status-publish","format-standard","hentry","category-actualite","category-cameroun"],"_links":{"self":[{"href":"https:\/\/linitiative.ca\/International\/wp-json\/wp\/v2\/posts\/155259","targetHints":{"allow":["GET"]}}],"collection":[{"href":"https:\/\/linitiative.ca\/International\/wp-json\/wp\/v2\/posts"}],"about":[{"href":"https:\/\/linitiative.ca\/International\/wp-json\/wp\/v2\/types\/post"}],"author":[{"embeddable":true,"href":"https:\/\/linitiative.ca\/International\/wp-json\/wp\/v2\/users\/1965"}],"replies":[{"embeddable":true,"href":"https:\/\/linitiative.ca\/International\/wp-json\/wp\/v2\/comments?post=155259"}],"version-history":[{"count":0,"href":"https:\/\/linitiative.ca\/International\/wp-json\/wp\/v2\/posts\/155259\/revisions"}],"wp:attachment":[{"href":"https:\/\/linitiative.ca\/International\/wp-json\/wp\/v2\/media?parent=155259"}],"wp:term":[{"taxonomy":"category","embeddable":true,"href":"https:\/\/linitiative.ca\/International\/wp-json\/wp\/v2\/categories?post=155259"},{"taxonomy":"post_tag","embeddable":true,"href":"https:\/\/linitiative.ca\/International\/wp-json\/wp\/v2\/tags?post=155259"}],"curies":[{"name":"wp","href":"https:\/\/api.w.org\/{rel}","templated":true}]}}