{"id":155261,"date":"2022-08-18T12:05:17","date_gmt":"2022-08-18T16:05:17","guid":{"rendered":"https:\/\/linitiative.ca\/International\/cameroun-le-conseil-dadministration-de-lirad-renouvele\/"},"modified":"2022-08-18T12:05:17","modified_gmt":"2022-08-18T16:05:17","slug":"cameroun-le-conseil-dadministration-de-lirad-renouvele","status":"publish","type":"post","link":"https:\/\/linitiative.ca\/International\/cameroun-le-conseil-dadministration-de-lirad-renouvele\/","title":{"rendered":"Cameroun : le Conseil d\u2019administration de l\u2019Irad renouvel\u00e9"},"content":{"rendered":"<div>\n<p><img decoding=\"async\" width=\"800\" height=\"532\" src=\"https:\/\/linitiative.ca\/International\/wp-content\/uploads\/sites\/23\/2022\/08\/IRAD-CAMEROUN.jpg\" class=\"attachment-post-thumbnail size-post-thumbnail wp-post-image\" alt=\"Paul Biya nomme le nouveau Conseil d\u2019administration de l\u2019Irad\" loading=\"lazy\" srcset=\"https:\/\/linitiative.ca\/International\/wp-content\/uploads\/sites\/23\/2022\/08\/IRAD-CAMEROUN.jpg 800w, https:\/\/www.journalducameroun.com\/wp-content\/uploads\/2022\/08\/IRAD-CAMEROUN-300x200.jpg 300w, https:\/\/www.journalducameroun.com\/wp-content\/uploads\/2022\/08\/IRAD-CAMEROUN-768x511.jpg 768w, https:\/\/www.journalducameroun.com\/wp-content\/uploads\/2022\/08\/IRAD-CAMEROUN-662x440.jpg 662w, https:\/\/www.journalducameroun.com\/wp-content\/uploads\/2022\/08\/IRAD-CAMEROUN-600x399.jpg 600w\" sizes=\"auto, (max-width: 800px) 100vw, 800px\"><\/p>\n<h2 style=\"text-align: justify;\">Le chef de l\u2019Etat a nomm\u00e9 le 17 ao\u00fbt 2022, de nouveaux membres du Conseil d\u2019administration de l\u2019Institut de recherche agricole pour le d\u00e9veloppement (Irad).<\/h2>\n<p>\u00a0<\/p>\n<p>11 personnalit\u00e9s b\u00e9n\u00e9ficient d\u2019un mandat de trois ans renouvelable une fois pour si\u00e9ger au Conseil d\u2019administration de la l<strong>\u2019Institut de recherche agricole pour le d\u00e9veloppement<\/strong>. Les personnalit\u00e9s nomm\u00e9es repr\u00e9sentent diff\u00e9rentes administrations au sein du Conseil. Par le <strong>d\u00e9cret N\u00b02022\/394 du 17 ao\u00fbt 2022<\/strong>, S.E Paul Biya nomme les hommes et femmes dont les noms suivent.<\/p>\n<p>Repr2sentant de la pr\u00e9sidence de la R\u00e9publique\u00a0: Youssoufa Ousmanou<\/p>\n<p>Repr\u00e9sentant des services du Premier ministre\u00a0: Francis Wadt Zela Fonye<\/p>\n<p>Repr\u00e9sentant du minist\u00e8re de la Recherche scientifique et de l\u2019Innovation\u00a0: Christelle Amina Djoulde<\/p>\n<p>Repr\u00e9sentant du minist\u00e8re des Finances\u00a0: Fay\u00e7al Abdoulaye<\/p>\n<p>Repr\u00e9sentant du minist\u00e8re de l\u2019Economie, de la Planification et de l\u2019Am\u00e9nagement du territoire\u00a0: \u00a0J\u00e9r\u00e9mie Biban Biban<\/p>\n<p>Repr\u00e9sentant du minist\u00e8re de l\u2019Elevage, des p\u00eaches et des Industries animales\u00a0: Jean Paul Ondoua Zang<\/p>\n<p>Repr\u00e9sentant du minist\u00e8re de l\u2019Environnement, de la Protection de la nature et du D\u00e9veloppement durable Manou Godje<\/p>\n<p>Repr\u00e9sentant du minist\u00e8re des For\u00eats et de la Faune\u00a0: Landry Ngono Tsimi<\/p>\n<p>Repr\u00e9sentant du minist\u00e8re de l\u2019Agriculture et du D\u00e9veloppement rural\u00a0: Foudama<\/p>\n<p>Repr\u00e9sentant des organisations professionnelles\u00a0: Christophe Jolly Akoulong<\/p>\n<p>Repr\u00e9sentant \u00e9lu du personnel\u00a0: Constant Felix Mbatsogo<\/p>\n<p>Cet article <a rel=\"nofollow\" href=\"https:\/\/www.journalducameroun.com\/cameroun-le-conseil-dadministration-de-lirad-renouvele\/\">Cameroun : le Conseil d\u2019administration de l\u2019Irad renouvel\u00e9<\/a> est apparu en premier sur <a rel=\"nofollow\" href=\"https:\/\/www.journalducameroun.com\/\">Journal du Cameroun<\/a>.<\/p>\n<\/div>\n<p>Auteur: Arnaud MAWEL<br \/>\n<a href=\"https:\/\/www.journalducameroun.com\/cameroun-le-conseil-dadministration-de-lirad-renouvele\/\">Cliquez ici pour lire l&rsquo;article depuis sa source.<\/a><\/p>\n","protected":false},"excerpt":{"rendered":"<p>Le chef de l\u2019Etat a nomm\u00e9 le 17 ao\u00fbt 2022, de nouveaux membres du Conseil d\u2019administration de l\u2019Institut de recherche agricole pour le d\u00e9veloppement (Irad). \u00a0 11 personnalit\u00e9s b\u00e9n\u00e9ficient d\u2019un mandat de trois ans renouvelable une fois pour si\u00e9ger au Conseil d\u2019administration de la l\u2019Institut de recherche agricole pour le d\u00e9veloppement. Les personnalit\u00e9s nomm\u00e9es repr\u00e9sentent [&hellip;]<\/p>\n","protected":false},"author":1965,"featured_media":0,"comment_status":"closed","ping_status":"closed","sticky":false,"template":"","format":"standard","meta":{"fifu_image_url":"https:\/\/www.journalducameroun.com\/wp-content\/uploads\/2022\/08\/IRAD-CAMEROUN.jpg","fifu_image_alt":"Cameroun : le Conseil d\u2019administration de l\u2019Irad renouvel\u00e9","footnotes":""},"categories":[73,82],"tags":[],"class_list":["post-155261","post","type-post","status-publish","format-standard","hentry","category-actualite","category-cameroun"],"_links":{"self":[{"href":"https:\/\/linitiative.ca\/International\/wp-json\/wp\/v2\/posts\/155261","targetHints":{"allow":["GET"]}}],"collection":[{"href":"https:\/\/linitiative.ca\/International\/wp-json\/wp\/v2\/posts"}],"about":[{"href":"https:\/\/linitiative.ca\/International\/wp-json\/wp\/v2\/types\/post"}],"author":[{"embeddable":true,"href":"https:\/\/linitiative.ca\/International\/wp-json\/wp\/v2\/users\/1965"}],"replies":[{"embeddable":true,"href":"https:\/\/linitiative.ca\/International\/wp-json\/wp\/v2\/comments?post=155261"}],"version-history":[{"count":0,"href":"https:\/\/linitiative.ca\/International\/wp-json\/wp\/v2\/posts\/155261\/revisions"}],"wp:attachment":[{"href":"https:\/\/linitiative.ca\/International\/wp-json\/wp\/v2\/media?parent=155261"}],"wp:term":[{"taxonomy":"category","embeddable":true,"href":"https:\/\/linitiative.ca\/International\/wp-json\/wp\/v2\/categories?post=155261"},{"taxonomy":"post_tag","embeddable":true,"href":"https:\/\/linitiative.ca\/International\/wp-json\/wp\/v2\/tags?post=155261"}],"curies":[{"name":"wp","href":"https:\/\/api.w.org\/{rel}","templated":true}]}}