{"id":15533,"date":"2019-02-19T12:27:13","date_gmt":"2019-02-19T17:27:13","guid":{"rendered":"https:\/\/linitiative.ca\/International\/des-vents-forts-continueront-de-souffler-sur-le-sud-du-pays-jusqua-mercredi\/"},"modified":"2019-02-19T12:27:13","modified_gmt":"2019-02-19T17:27:13","slug":"des-vents-forts-continueront-de-souffler-sur-le-sud-du-pays-jusqua-mercredi","status":"publish","type":"post","link":"https:\/\/linitiative.ca\/International\/des-vents-forts-continueront-de-souffler-sur-le-sud-du-pays-jusqua-mercredi\/","title":{"rendered":"Des vents forts continueront de souffler sur le sud du pays jusqu&rsquo;\u00e0 mercredi"},"content":{"rendered":"<div>\n<div class=\"K2FeedImage\"><img decoding=\"async\" src=\"http:\/\/www.aps.dz\/media\/k2\/items\/cache\/b75c56b6f1b9f9d8c0eec268dd2d448d_S.jpg\" alt=\"Des vents forts continueront de souffler sur le sud du pays jusqu'\u00e0 mercredi\"><\/div>\n<div class=\"K2FeedIntroText\">\n<p>ALGER- Des vents forts, parfois en rafales, continueront de souffler sur plusieurs wilayas du sud du pays, jusqu&rsquo;\u00e0 mercredi, r\u00e9duisant \u00ab\u00a0fortement\u00a0\u00bb la visibilit\u00e9 par soul\u00e8vements de sable, selon un bulletin m\u00e9t\u00e9orologique sp\u00e9cial (BMS) \u00e9mis mardi par les services de l&rsquo;Office nationale de m\u00e9t\u00e9orologie.<\/p>\n<\/div>\n<div class=\"K2FeedFullText\">\n<p>Les wilayas concern\u00e9es sont : Bechar et El-Bayadh, o\u00f9 le vent atteindra les 60\/70 km\/h, avec rafales atteignant ou d\u00e9passant 80 km\/h, et ce, jusqu&rsquo;\u00e0 21h00 de ce mardi.<\/p>\n<p>Les autres wilayas sont: Adrar, Gharda\u00efa, Ouargla, Tamanrasset et Illizi, avec un vent de 60\/70 km\/h, accompagn\u00e9 de rafales atteignant ou d\u00e9passant 90 km\/h, et ce, jusqu&rsquo;au mercredi \u00e0 18h00, pr\u00e9cise la m\u00eame source.<\/p>\n<p>\u00a0<\/p>\n<\/div>\n<\/div>\n<p>Auteur:<br \/>\n<a href=\"http:\/\/www.aps.dz\/regions\/85823-des-vents-forts-continueront-de-souffler-sur-le-sud-du-pays-jusqu-a-mercredi\">Cliquez ici pour lire l&rsquo;article depuis sa source.<\/a><\/p>\n","protected":false},"excerpt":{"rendered":"<p>ALGER- Des vents forts, parfois en rafales, continueront de souffler sur plusieurs wilayas du sud du pays, jusqu&rsquo;\u00e0 mercredi, r\u00e9duisant \u00ab\u00a0fortement\u00a0\u00bb la visibilit\u00e9 par soul\u00e8vements de sable, selon un bulletin m\u00e9t\u00e9orologique sp\u00e9cial (BMS) \u00e9mis mardi par les services de l&rsquo;Office nationale de m\u00e9t\u00e9orologie. Les wilayas concern\u00e9es sont : Bechar et El-Bayadh, o\u00f9 le vent atteindra [&hellip;]<\/p>\n","protected":false},"author":1790,"featured_media":15534,"comment_status":"closed","ping_status":"closed","sticky":false,"template":"","format":"standard","meta":{"fifu_image_url":"","fifu_image_alt":"","footnotes":""},"categories":[53,76],"tags":[],"class_list":["post-15533","post","type-post","status-publish","format-standard","has-post-thumbnail","hentry","category-algerie","category-regions"],"_links":{"self":[{"href":"https:\/\/linitiative.ca\/International\/wp-json\/wp\/v2\/posts\/15533","targetHints":{"allow":["GET"]}}],"collection":[{"href":"https:\/\/linitiative.ca\/International\/wp-json\/wp\/v2\/posts"}],"about":[{"href":"https:\/\/linitiative.ca\/International\/wp-json\/wp\/v2\/types\/post"}],"author":[{"embeddable":true,"href":"https:\/\/linitiative.ca\/International\/wp-json\/wp\/v2\/users\/1790"}],"replies":[{"embeddable":true,"href":"https:\/\/linitiative.ca\/International\/wp-json\/wp\/v2\/comments?post=15533"}],"version-history":[{"count":0,"href":"https:\/\/linitiative.ca\/International\/wp-json\/wp\/v2\/posts\/15533\/revisions"}],"wp:featuredmedia":[{"embeddable":true,"href":"https:\/\/linitiative.ca\/International\/wp-json\/"}],"wp:attachment":[{"href":"https:\/\/linitiative.ca\/International\/wp-json\/wp\/v2\/media?parent=15533"}],"wp:term":[{"taxonomy":"category","embeddable":true,"href":"https:\/\/linitiative.ca\/International\/wp-json\/wp\/v2\/categories?post=15533"},{"taxonomy":"post_tag","embeddable":true,"href":"https:\/\/linitiative.ca\/International\/wp-json\/wp\/v2\/tags?post=15533"}],"curies":[{"name":"wp","href":"https:\/\/api.w.org\/{rel}","templated":true}]}}