{"id":155335,"date":"2022-08-19T09:05:04","date_gmt":"2022-08-19T13:05:04","guid":{"rendered":"https:\/\/linitiative.ca\/International\/aeroports-le-trafic-de-passagers-poursuit-sa-bonne-dynamique-au-maroc\/"},"modified":"2022-08-19T09:05:04","modified_gmt":"2022-08-19T13:05:04","slug":"aeroports-le-trafic-de-passagers-poursuit-sa-bonne-dynamique-au-maroc","status":"publish","type":"post","link":"https:\/\/linitiative.ca\/International\/aeroports-le-trafic-de-passagers-poursuit-sa-bonne-dynamique-au-maroc\/","title":{"rendered":"A\u00e9roports. Le trafic de passagers poursuit sa bonne dynamique au Maroc\u00a0"},"content":{"rendered":"<div><img decoding=\"async\" width=\"960\" height=\"600\" src=\"https:\/\/linitiative.ca\/International\/wp-content\/uploads\/sites\/23\/2022\/08\/Aeroport-Mohammed-V-Casablanca-Hall-2-960x600_c.jpg\" class=\"attachment-post-thumbnail size-post-thumbnail wp-post-image\" alt=\"\" loading=\"lazy\" srcset=\"https:\/\/linitiative.ca\/International\/wp-content\/uploads\/sites\/23\/2022\/08\/Aeroport-Mohammed-V-Casablanca-Hall-2-960x600_c.jpg 960w, https:\/\/www.challenge.ma\/wp-content\/uploads\/2022\/08\/Aeroport-Mohammed-V-Casablanca-Hall-2-960x600_c-300x188.jpg 300w, https:\/\/www.challenge.ma\/wp-content\/uploads\/2022\/08\/Aeroport-Mohammed-V-Casablanca-Hall-2-960x600_c-768x480.jpg 768w, https:\/\/www.challenge.ma\/wp-content\/uploads\/2022\/08\/Aeroport-Mohammed-V-Casablanca-Hall-2-960x600_c-360x225.jpg 360w, https:\/\/www.challenge.ma\/wp-content\/uploads\/2022\/08\/Aeroport-Mohammed-V-Casablanca-Hall-2-960x600_c-750x469.jpg 750w\" sizes=\"auto, (max-width: 960px) 100vw, 960px\" itemprop=\"image\">La reprise du trafic a\u00e9roportuaire se confirme. Les a\u00e9roports du Royaume ont enregistr\u00e9 \u00e0 fin juillet 2022 un volume de trafic commercial de 9\u00a0813 316 passagers \u00e0 travers 89 648 mouvements a\u00e9roportuaires pour l\u2019ensemble des a\u00e9roports, selon l\u2019Office national des a\u00e9roports (ONDA). Soit des taux de r\u00e9cup\u00e9ration largement positifs par<\/div>\n<p>Auteur: David J\u00e9r\u00e9mie<br \/>\n<a href=\"https:\/\/www.challenge.ma\/aeroports-le-trafic-de-passagers-poursuit-sa-bonne-dynamique-au-maroc-243787\/\">Cliquez ici pour lire l&rsquo;article depuis sa source.<\/a><\/p>\n","protected":false},"excerpt":{"rendered":"<p>La reprise du trafic a\u00e9roportuaire se confirme. Les a\u00e9roports du Royaume ont enregistr\u00e9 \u00e0 fin juillet 2022 un volume de trafic commercial de 9\u00a0813 316 passagers \u00e0 travers 89 648 mouvements a\u00e9roportuaires pour l\u2019ensemble des a\u00e9roports, selon l\u2019Office national des a\u00e9roports (ONDA). Soit des taux de r\u00e9cup\u00e9ration largement positifs par Auteur: David J\u00e9r\u00e9mie Cliquez ici [&hellip;]<\/p>\n","protected":false},"author":1787,"featured_media":0,"comment_status":"closed","ping_status":"closed","sticky":false,"template":"","format":"standard","meta":{"fifu_image_url":"https:\/\/www.challenge.ma\/wp-content\/uploads\/2022\/08\/Aeroport-Mohammed-V-Casablanca-Hall-2-960x600_c.jpg","fifu_image_alt":"A\u00e9roports. Le trafic de passagers poursuit sa bonne dynamique au Maroc\u00a0","footnotes":""},"categories":[78,54],"tags":[],"class_list":["post-155335","post","type-post","status-publish","format-standard","hentry","category-economie","category-maroc"],"_links":{"self":[{"href":"https:\/\/linitiative.ca\/International\/wp-json\/wp\/v2\/posts\/155335","targetHints":{"allow":["GET"]}}],"collection":[{"href":"https:\/\/linitiative.ca\/International\/wp-json\/wp\/v2\/posts"}],"about":[{"href":"https:\/\/linitiative.ca\/International\/wp-json\/wp\/v2\/types\/post"}],"author":[{"embeddable":true,"href":"https:\/\/linitiative.ca\/International\/wp-json\/wp\/v2\/users\/1787"}],"replies":[{"embeddable":true,"href":"https:\/\/linitiative.ca\/International\/wp-json\/wp\/v2\/comments?post=155335"}],"version-history":[{"count":0,"href":"https:\/\/linitiative.ca\/International\/wp-json\/wp\/v2\/posts\/155335\/revisions"}],"wp:attachment":[{"href":"https:\/\/linitiative.ca\/International\/wp-json\/wp\/v2\/media?parent=155335"}],"wp:term":[{"taxonomy":"category","embeddable":true,"href":"https:\/\/linitiative.ca\/International\/wp-json\/wp\/v2\/categories?post=155335"},{"taxonomy":"post_tag","embeddable":true,"href":"https:\/\/linitiative.ca\/International\/wp-json\/wp\/v2\/tags?post=155335"}],"curies":[{"name":"wp","href":"https:\/\/api.w.org\/{rel}","templated":true}]}}