{"id":155341,"date":"2022-08-19T14:51:12","date_gmt":"2022-08-19T18:51:12","guid":{"rendered":"https:\/\/linitiative.ca\/International\/tunisie-video-ezzahi-la-nouvelle-constitution-sera-la-cadre-juridique-pour-la-creation-de-la-nouvelle-republique\/"},"modified":"2022-08-19T14:51:12","modified_gmt":"2022-08-19T18:51:12","slug":"tunisie-video-ezzahi-la-nouvelle-constitution-sera-la-cadre-juridique-pour-la-creation-de-la-nouvelle-republique","status":"publish","type":"post","link":"https:\/\/linitiative.ca\/International\/tunisie-video-ezzahi-la-nouvelle-constitution-sera-la-cadre-juridique-pour-la-creation-de-la-nouvelle-republique\/","title":{"rendered":"Tunisie \u2013 VIDEO\u00a0: Ezzahi\u00a0: La nouvelle constitution sera la cadre juridique pour la cr\u00e9ation de la nouvelle R\u00e9publique"},"content":{"rendered":"<div>\n<p>Le ministre des affaires sociales, Malek Ezzahi, a tenu, ce vendredi, lors d\u2019un congr\u00e8s d\u00e9di\u00e9 aux tunisiens r\u00e9sidants \u00e0 l\u2019\u00e9tranger, \u00e0 f\u00e9liciter tous les citoyens tunisiens \u00e0 l\u2019occasion de la ratification de la nouvelle constitution, assurant que cette constitution sera le cadre juridique pour la cr\u00e9ation de la nouvelle R\u00e9publique. Et le projet national que [\u2026]<\/p>\n<p>L\u2019article <a href=\"https:\/\/www.tunisienumerique.com\/tunisie-video-ezzahi-la-nouvelle-constitution-sera-la-cadre-juridique-pour-la-creation-de-la-nouvelle-republique\/\">Tunisie \u2013 VIDEO\u00a0: Ezzahi\u00a0: La nouvelle constitution sera la cadre juridique pour la cr\u00e9ation de la nouvelle R\u00e9publique<\/a> est apparu en premier sur <a href=\"https:\/\/www.tunisienumerique.com\/\">Tunisie<\/a>.<\/p>\n<\/div>\n<p>Auteur: LM<br \/>\n<a href=\"https:\/\/www.tunisienumerique.com\/tunisie-video-ezzahi-la-nouvelle-constitution-sera-la-cadre-juridique-pour-la-creation-de-la-nouvelle-republique\/\">Cliquez ici pour lire l&rsquo;article depuis sa source.<\/a><\/p>\n","protected":false},"excerpt":{"rendered":"<p>Le ministre des affaires sociales, Malek Ezzahi, a tenu, ce vendredi, lors d\u2019un congr\u00e8s d\u00e9di\u00e9 aux tunisiens r\u00e9sidants \u00e0 l\u2019\u00e9tranger, \u00e0 f\u00e9liciter tous les citoyens tunisiens \u00e0 l\u2019occasion de la ratification de la nouvelle constitution, assurant que cette constitution sera le cadre juridique pour la cr\u00e9ation de la nouvelle R\u00e9publique. Et le projet national que [&hellip;]<\/p>\n","protected":false},"author":1789,"featured_media":0,"comment_status":"closed","ping_status":"closed","sticky":false,"template":"","format":"standard","meta":{"fifu_image_url":"","fifu_image_alt":"","footnotes":""},"categories":[73,55],"tags":[],"class_list":["post-155341","post","type-post","status-publish","format-standard","hentry","category-actualite","category-tunisie"],"_links":{"self":[{"href":"https:\/\/linitiative.ca\/International\/wp-json\/wp\/v2\/posts\/155341","targetHints":{"allow":["GET"]}}],"collection":[{"href":"https:\/\/linitiative.ca\/International\/wp-json\/wp\/v2\/posts"}],"about":[{"href":"https:\/\/linitiative.ca\/International\/wp-json\/wp\/v2\/types\/post"}],"author":[{"embeddable":true,"href":"https:\/\/linitiative.ca\/International\/wp-json\/wp\/v2\/users\/1789"}],"replies":[{"embeddable":true,"href":"https:\/\/linitiative.ca\/International\/wp-json\/wp\/v2\/comments?post=155341"}],"version-history":[{"count":0,"href":"https:\/\/linitiative.ca\/International\/wp-json\/wp\/v2\/posts\/155341\/revisions"}],"wp:attachment":[{"href":"https:\/\/linitiative.ca\/International\/wp-json\/wp\/v2\/media?parent=155341"}],"wp:term":[{"taxonomy":"category","embeddable":true,"href":"https:\/\/linitiative.ca\/International\/wp-json\/wp\/v2\/categories?post=155341"},{"taxonomy":"post_tag","embeddable":true,"href":"https:\/\/linitiative.ca\/International\/wp-json\/wp\/v2\/tags?post=155341"}],"curies":[{"name":"wp","href":"https:\/\/api.w.org\/{rel}","templated":true}]}}