{"id":155348,"date":"2022-08-19T13:52:29","date_gmt":"2022-08-19T17:52:29","guid":{"rendered":"https:\/\/linitiative.ca\/International\/cour-des-comptes-six-nouvelles-competences-installees-dans-leurs-fonctions\/"},"modified":"2022-08-19T13:52:29","modified_gmt":"2022-08-19T17:52:29","slug":"cour-des-comptes-six-nouvelles-competences-installees-dans-leurs-fonctions","status":"publish","type":"post","link":"https:\/\/linitiative.ca\/International\/cour-des-comptes-six-nouvelles-competences-installees-dans-leurs-fonctions\/","title":{"rendered":"Cour des comptes : Six nouvelles comp\u00e9tences install\u00e9es dans leurs fonctions"},"content":{"rendered":"<div>\n<p>Le pr\u00e9sident de chambre \u00e0 la Cour des Comptes, L\u00e9ger Kinda, les conseillers, Mahamadou Sanogo, Th\u00e9ophile Sawadogo et Kabr\u00e9 Puirago, le commissaire du gouvernement pr\u00e8s la Cour des Comptes, Hamad\u00e9 Badini et le receveur g\u00e9n\u00e9ral de la Cour des Comptes, Pidabamba Nabaloum ont \u00e9t\u00e9 install\u00e9s ce vendredi 19 ao\u00fbt 2022 par le premier pr\u00e9sident de la Cour des Comptes, Latin Poda.<\/p>\n<p>Le magistrat L\u00e9ger Kinda qui va diriger d\u00e9sormais la Chambre charg\u00e9e du contr\u00f4le des op\u00e9rations de l\u2019Etat (CCOE) s\u2019est dit apte \u00e0 relever les nouvelles missions \u00e0 lui assign\u00e9es au sein de la cette Cour.<\/p>\n<p>Quant au nouveau receveur g\u00e9n\u00e9ral, Pidabamba Nabaloum, il a, pour sa part, jur\u00e9 de remplir sa mission avec loyaut\u00e9 selon les prescriptions qui r\u00e9gissent les comptables publiques, d\u2019o\u00f9 sa prestation de serment avant son installation.<\/p>\n<p>Il s\u2019agira principalement pour lui de produire un compte de gestion de la Cour.<\/p>\n<p>Ces nouvelles comp\u00e9tences sont une bouff\u00e9e d\u2019oxyg\u00e8ne pour la Cour des Comptes selon le pr\u00e9sident Latin Poda.<\/p>\n<figure id=\"attachment_53603\" aria-describedby=\"caption-attachment-53603\" style=\"width: 776px\" class=\"wp-caption alignnone\"><img decoding=\"async\" data-attachment-id=\"53603\" data-permalink=\"https:\/\/www.sidwaya.info\/blog\/2022\/08\/19\/cour-des-comptes-six-nouvelles-competences-installees-dans-leurs-fonctions\/whatsapp-image-2022-08-19-at-17-36-46\/\" data-orig-file=\"https:\/\/i0.wp.com\/www.sidwaya.info\/wp-content\/uploads\/2022\/08\/WhatsApp-Image-2022-08-19-at-17.36.46-e1660931172175.jpeg?fit=776%2C294&amp;ssl=1\" data-orig-size=\"776,294\" data-comments-opened=\"1\" data-image-meta='{\"aperture\":\"0\",\"credit\":\"\",\"camera\":\"\",\"caption\":\"\",\"created_timestamp\":\"0\",\"copyright\":\"\",\"focal_length\":\"0\",\"iso\":\"0\",\"shutter_speed\":\"0\",\"title\":\"\",\"orientation\":\"0\"}' data-image-title=\"\" data-image-description=\"\" data-image-caption=\"&lt;p&gt;Le premier pr\u00e9sident de la Cour des Comptes, Latin Poda a exhort\u00e9 les nouveaux agents \u00e0 se mettre aussit\u00f4t \u00e0 la t\u00e2che. \u00a9 : Moussa Kayda pour Sidwaya.info. Editions Sidwaya&lt;\/p&gt;\n\" data-medium-file=\"https:\/\/i0.wp.com\/www.sidwaya.info\/wp-content\/uploads\/2022\/08\/WhatsApp-Image-2022-08-19-at-17.36.46-e1660931172175.jpeg?fit=300%2C114&amp;ssl=1\" data-large-file=\"https:\/\/i0.wp.com\/www.sidwaya.info\/wp-content\/uploads\/2022\/08\/WhatsApp-Image-2022-08-19-at-17.36.46-e1660931172175.jpeg?fit=696%2C264&amp;ssl=1\" loading=\"lazy\" class=\"size-full wp-image-53603\" src=\"https:\/\/i0.wp.com\/www.sidwaya.info\/wp-content\/uploads\/2022\/08\/WhatsApp-Image-2022-08-19-at-17.36.46-e1660931172175.jpeg?resize=696,264&amp;ssl=1\" alt=\"\" width=\"696\" height=\"264\" srcset=\"https:\/\/i0.wp.com\/www.sidwaya.info\/wp-content\/uploads\/2022\/08\/WhatsApp-Image-2022-08-19-at-17.36.46-e1660931172175.jpeg?w=776&amp;ssl=1 776w, https:\/\/i0.wp.com\/www.sidwaya.info\/wp-content\/uploads\/2022\/08\/WhatsApp-Image-2022-08-19-at-17.36.46-e1660931172175.jpeg?resize=300%2C114&amp;ssl=1 300w, https:\/\/i0.wp.com\/www.sidwaya.info\/wp-content\/uploads\/2022\/08\/WhatsApp-Image-2022-08-19-at-17.36.46-e1660931172175.jpeg?resize=768%2C291&amp;ssl=1 768w, https:\/\/i0.wp.com\/www.sidwaya.info\/wp-content\/uploads\/2022\/08\/WhatsApp-Image-2022-08-19-at-17.36.46-e1660931172175.jpeg?resize=150%2C57&amp;ssl=1 150w, https:\/\/i0.wp.com\/www.sidwaya.info\/wp-content\/uploads\/2022\/08\/WhatsApp-Image-2022-08-19-at-17.36.46-e1660931172175.jpeg?resize=696,264&amp;ssl=1 696w\" sizes=\"auto, (max-width: 696px) 100vw, 696px\" data-recalc-dims=\"1\"><figcaption id=\"caption-attachment-53603\" class=\"wp-caption-text\"><strong>Le premier pr\u00e9sident de la Cour des Comptes, Latin Poda a exhort\u00e9 les nouveaux agents \u00e0 se mettre aussit\u00f4t \u00e0 la t\u00e2che. \u00a9 : Moussa Kayda pour Sidwaya.info. Editions Sidwaya<\/strong><\/figcaption><\/figure>\n<p>\u00ab\u00a0Nous avons eu des d\u00e9parts pour d\u2019autres fonctions et pour des fins de mandats. D\u00e8s lors, la cour fonctionnait avec une insuffisance de personnel. Voil\u00e0 pourquoi nous avons tenu \u00e0 les installer pendant ces vacances judiciaires, parce que le besoin est l\u00e0 \u00bb, a-t-il expliqu\u00e9.<\/p>\n<p>Mais malgr\u00e9 ces nouveaux membres, la Cour des Comptes reste toujours en de\u00e7\u00e0 de la norme de 40 membres fix\u00e9e par l\u2019UEMOA, selon Latin Poda.<\/p>\n<p>Le pr\u00e9sident de chambre, les conseillers et le commissaire du gouvernement ont \u00e9t\u00e9 nomm\u00e9s le 30 juin dernier tandis que le receveur g\u00e9n\u00e9ral a lui \u00e9t\u00e9 nomm\u00e9 depuis 5 janvier 2022 en remplacement de Bourahima Tarnagda.<\/p>\n<p>La Cour des Comptes est la juridiction charg\u00e9e du contr\u00f4le des comptes des comptables publics, la r\u00e9gularit\u00e9 des op\u00e9rations de recette et de d\u00e9penses ainsi que le bon emploi des cr\u00e9dits et sanctionne les manquements.<\/p>\n<p><strong>Moussa KAYDA <\/strong><\/p>\n<p>Stagiaire<\/p>\n<\/div>\n<p>Auteur: Wamini SIDWAYA<br \/>\n<a href=\"https:\/\/www.sidwaya.info\/blog\/2022\/08\/19\/cour-des-comptes-six-nouvelles-competences-installees-dans-leurs-fonctions\/\">Cliquez ici pour lire l&rsquo;article depuis sa source.<\/a><\/p>\n","protected":false},"excerpt":{"rendered":"<p>Le pr\u00e9sident de chambre \u00e0 la Cour des Comptes, L\u00e9ger Kinda, les conseillers, Mahamadou Sanogo, Th\u00e9ophile Sawadogo et Kabr\u00e9 Puirago, le commissaire du gouvernement pr\u00e8s la Cour des Comptes, Hamad\u00e9 Badini et le receveur g\u00e9n\u00e9ral de la Cour des Comptes, Pidabamba Nabaloum ont \u00e9t\u00e9 install\u00e9s ce vendredi 19 ao\u00fbt 2022 par le premier pr\u00e9sident de [&hellip;]<\/p>\n","protected":false},"author":1816,"featured_media":0,"comment_status":"closed","ping_status":"closed","sticky":false,"template":"","format":"standard","meta":{"fifu_image_url":"https:\/\/i0.wp.com\/www.sidwaya.info\/wp-content\/uploads\/2022\/08\/WhatsApp-Image-2022-08-19-at-17.36.46-e1660931172175.jpeg?resize=696,264&ssl=1","fifu_image_alt":"Cour des comptes : Six nouvelles comp\u00e9tences install\u00e9es dans leurs fonctions","footnotes":""},"categories":[73,81],"tags":[],"class_list":["post-155348","post","type-post","status-publish","format-standard","hentry","category-actualite","category-burkina-faso"],"_links":{"self":[{"href":"https:\/\/linitiative.ca\/International\/wp-json\/wp\/v2\/posts\/155348","targetHints":{"allow":["GET"]}}],"collection":[{"href":"https:\/\/linitiative.ca\/International\/wp-json\/wp\/v2\/posts"}],"about":[{"href":"https:\/\/linitiative.ca\/International\/wp-json\/wp\/v2\/types\/post"}],"author":[{"embeddable":true,"href":"https:\/\/linitiative.ca\/International\/wp-json\/wp\/v2\/users\/1816"}],"replies":[{"embeddable":true,"href":"https:\/\/linitiative.ca\/International\/wp-json\/wp\/v2\/comments?post=155348"}],"version-history":[{"count":0,"href":"https:\/\/linitiative.ca\/International\/wp-json\/wp\/v2\/posts\/155348\/revisions"}],"wp:attachment":[{"href":"https:\/\/linitiative.ca\/International\/wp-json\/wp\/v2\/media?parent=155348"}],"wp:term":[{"taxonomy":"category","embeddable":true,"href":"https:\/\/linitiative.ca\/International\/wp-json\/wp\/v2\/categories?post=155348"},{"taxonomy":"post_tag","embeddable":true,"href":"https:\/\/linitiative.ca\/International\/wp-json\/wp\/v2\/tags?post=155348"}],"curies":[{"name":"wp","href":"https:\/\/api.w.org\/{rel}","templated":true}]}}