{"id":155350,"date":"2022-08-19T14:41:19","date_gmt":"2022-08-19T18:41:19","guid":{"rendered":"https:\/\/linitiative.ca\/International\/editions-sidwaya-la-ministre-en-charge-de-la-communication-valerie-kabore-encourage-le-personnel\/"},"modified":"2022-08-19T14:41:19","modified_gmt":"2022-08-19T18:41:19","slug":"editions-sidwaya-la-ministre-en-charge-de-la-communication-valerie-kabore-encourage-le-personnel","status":"publish","type":"post","link":"https:\/\/linitiative.ca\/International\/editions-sidwaya-la-ministre-en-charge-de-la-communication-valerie-kabore-encourage-le-personnel\/","title":{"rendered":"Editions Sidwaya\u00a0: la ministre en charge de la Communication, Val\u00e9rie Kabor\u00e9 encourage le personnel"},"content":{"rendered":"<div>\n<p>La ministre de la Communication, de la Culture, des Arts et du Tourisme, Val\u00e9rie Kabor\u00e9, a visit\u00e9 les locaux de Sidwaya et de l\u2019Agence d\u2019information du Burkina (AIB), ce vendredi 19 ao\u00fbt 2022.<\/p>\n<p>Cette initiative s\u2019inscrit dans le cadre d\u2019une s\u00e9rie de visites des structures rattach\u00e9es du minist\u00e8re.<\/p>\n<p>Au cours de la journ\u00e9e, la ministre a eu des \u00e9changes avec les agents du Fonds de d\u00e9veloppement culturel et touristique (FDCT), de la Radiodiffusion t\u00e9l\u00e9vision du Burkina (RTB), du Bureau burkinab\u00e8 du droit d\u2019auteur (BBDA) et des Editions Sidwaya.<\/p>\n<p>S\u2019agissant de la Maison commune, elle a d\u2019abord visit\u00e9 la r\u00e9daction et le studio t\u00e9l\u00e9 de l\u2019AIB.<\/p>\n<figure id=\"attachment_53611\" aria-describedby=\"caption-attachment-53611\" style=\"width: 696px\" class=\"wp-caption alignnone\"><img loading=\"lazy\" decoding=\"async\" data-attachment-id=\"53611\" data-permalink=\"https:\/\/www.sidwaya.info\/blog\/2022\/08\/19\/editions-sidwaya-la-ministre-en-charge-de-la-communication-valerie-kabore-encourage-le-personnel\/whatsapp-image-2022-08-19-at-18-07-48\/\" data-orig-file=\"https:\/\/i0.wp.com\/www.sidwaya.info\/wp-content\/uploads\/2022\/08\/WhatsApp-Image-2022-08-19-at-18.07.48-e1660934372664.jpeg?fit=600%2C450&amp;ssl=1\" data-orig-size=\"600,450\" data-comments-opened=\"1\" data-image-meta='{\"aperture\":\"0\",\"credit\":\"\",\"camera\":\"\",\"caption\":\"\",\"created_timestamp\":\"0\",\"copyright\":\"\",\"focal_length\":\"0\",\"iso\":\"0\",\"shutter_speed\":\"0\",\"title\":\"\",\"orientation\":\"0\"}' data-image-title=\"\" data-image-description=\"\" data-image-caption=\"&lt;p&gt;La ministre en charge de la Communication au studio de l&amp;rsquo;AIB lors de sa visite \u00e0 l&amp;rsquo;agence. \u00a9 : Abdoul Rasman\u00e9 Belemn pour Sidwaya.info. Editions Sidwaya&lt;\/p&gt;\n\" data-medium-file=\"https:\/\/i0.wp.com\/www.sidwaya.info\/wp-content\/uploads\/2022\/08\/WhatsApp-Image-2022-08-19-at-18.07.48-e1660934372664.jpeg?fit=300%2C225&amp;ssl=1\" data-large-file=\"https:\/\/i0.wp.com\/www.sidwaya.info\/wp-content\/uploads\/2022\/08\/WhatsApp-Image-2022-08-19-at-18.07.48-e1660934372664.jpeg?fit=696%2C522&amp;ssl=1\" class=\"size-large wp-image-53611\" src=\"https:\/\/i0.wp.com\/www.sidwaya.info\/wp-content\/uploads\/2022\/08\/WhatsApp-Image-2022-08-19-at-18.07.48.jpeg?resize=696,522&amp;ssl=1\" alt=\"\" width=\"696\" height=\"522\" data-recalc-dims=\"1\"><figcaption id=\"caption-attachment-53611\" class=\"wp-caption-text\"><strong>La ministre en charge de la Communication au studio de l\u2019AIB lors de sa visite \u00e0 l\u2019agence. \u00a9 : Abdoul Rasman\u00e9 Belemn pour Sidwaya.info. Editions Sidwaya<\/strong><\/figcaption><\/figure>\n<p>Ensuite, \u00e0 la direction g\u00e9n\u00e9rale, elle a pu visiter respectivement l\u2019imprimerie, le service des archives et de la documentation et la r\u00e9daction du quotidien.<\/p>\n<p>Val\u00e9rie Kabor\u00e9 a termin\u00e9 sa visite \u00e0 travers un entretien avec le personnel. A ce titre, elle a f\u00e9licit\u00e9 les agents pour les efforts consentis au quotidien pour le rayonnement du \u00ab\u00a0journal de tous les Burkinab\u00e8\u00a0\u00bb tout en les exhortant \u00e0 redoubler d\u2019efforts pour l\u2019atteinte des objectifs.<\/p>\n<p>La directrice g\u00e9n\u00e9rale, Ass\u00e9tou Badoh, a \u00e9voqu\u00e9 au cours des \u00e9changes, un certain nombre de difficult\u00e9s auxquelles Sidwaya est confront\u00e9. Ces difficult\u00e9s concernent, entre autres, l\u2019exigu\u00eft\u00e9 des locaux, l\u2019augmentation du prix du papier, ainsi que des pr\u00e9occupations inh\u00e9rentes \u00e0 la construction du si\u00e8ge du journal et l\u2019acquisition d\u2019une rotative.<\/p>\n<p>Les agents ont aussi saisi l\u2019occasion pour exhorter le minist\u00e8re \u00e0 accompagner les m\u00e9dias publics dans leur processus de mutation en soci\u00e9t\u00e9 d\u2019Etat. Mme le ministre, Val\u00e9rie Kabor\u00e9 a fait la promesse d\u2019examiner les diff\u00e9rentes pr\u00e9occupations et d\u2019accompagner les m\u00e9dias dans la mesure du possible.<\/p>\n<p><strong>Service communication des Editions Sidwaya<\/strong><\/p>\n<\/div>\n<p>Auteur: Wamini SIDWAYA<br \/>\n<a href=\"https:\/\/www.sidwaya.info\/blog\/2022\/08\/19\/editions-sidwaya-la-ministre-en-charge-de-la-communication-valerie-kabore-encourage-le-personnel\/\">Cliquez ici pour lire l&rsquo;article depuis sa source.<\/a><\/p>\n","protected":false},"excerpt":{"rendered":"<p>La ministre de la Communication, de la Culture, des Arts et du Tourisme, Val\u00e9rie Kabor\u00e9, a visit\u00e9 les locaux de Sidwaya et de l\u2019Agence d\u2019information du Burkina (AIB), ce vendredi 19 ao\u00fbt 2022. Cette initiative s\u2019inscrit dans le cadre d\u2019une s\u00e9rie de visites des structures rattach\u00e9es du minist\u00e8re. Au cours de la journ\u00e9e, la ministre [&hellip;]<\/p>\n","protected":false},"author":1816,"featured_media":0,"comment_status":"closed","ping_status":"closed","sticky":false,"template":"","format":"standard","meta":{"fifu_image_url":"https:\/\/i0.wp.com\/www.sidwaya.info\/wp-content\/uploads\/2022\/08\/WhatsApp-Image-2022-08-19-at-18.07.48.jpeg?resize=696,522&ssl=1","fifu_image_alt":"Editions Sidwaya\u00a0: la ministre en charge de la Communication, Val\u00e9rie Kabor\u00e9 encourage le personnel","footnotes":""},"categories":[73,81],"tags":[],"class_list":["post-155350","post","type-post","status-publish","format-standard","hentry","category-actualite","category-burkina-faso"],"_links":{"self":[{"href":"https:\/\/linitiative.ca\/International\/wp-json\/wp\/v2\/posts\/155350","targetHints":{"allow":["GET"]}}],"collection":[{"href":"https:\/\/linitiative.ca\/International\/wp-json\/wp\/v2\/posts"}],"about":[{"href":"https:\/\/linitiative.ca\/International\/wp-json\/wp\/v2\/types\/post"}],"author":[{"embeddable":true,"href":"https:\/\/linitiative.ca\/International\/wp-json\/wp\/v2\/users\/1816"}],"replies":[{"embeddable":true,"href":"https:\/\/linitiative.ca\/International\/wp-json\/wp\/v2\/comments?post=155350"}],"version-history":[{"count":0,"href":"https:\/\/linitiative.ca\/International\/wp-json\/wp\/v2\/posts\/155350\/revisions"}],"wp:attachment":[{"href":"https:\/\/linitiative.ca\/International\/wp-json\/wp\/v2\/media?parent=155350"}],"wp:term":[{"taxonomy":"category","embeddable":true,"href":"https:\/\/linitiative.ca\/International\/wp-json\/wp\/v2\/categories?post=155350"},{"taxonomy":"post_tag","embeddable":true,"href":"https:\/\/linitiative.ca\/International\/wp-json\/wp\/v2\/tags?post=155350"}],"curies":[{"name":"wp","href":"https:\/\/api.w.org\/{rel}","templated":true}]}}