{"id":155368,"date":"2022-08-20T11:00:39","date_gmt":"2022-08-20T15:00:39","guid":{"rendered":"https:\/\/linitiative.ca\/International\/conseil-consultatif-de-la-jeunesse-le-cadre-legal-finalise\/"},"modified":"2022-08-20T11:00:39","modified_gmt":"2022-08-20T15:00:39","slug":"conseil-consultatif-de-la-jeunesse-le-cadre-legal-finalise","status":"publish","type":"post","link":"https:\/\/linitiative.ca\/International\/conseil-consultatif-de-la-jeunesse-le-cadre-legal-finalise\/","title":{"rendered":"Conseil consultatif de la jeunesse :  Le cadre l\u00e9gal finalis\u00e9"},"content":{"rendered":"<div>\n<p><img decoding=\"async\" width=\"300\" height=\"153\" src=\"https:\/\/linitiative.ca\/International\/wp-content\/uploads\/sites\/23\/2022\/08\/Conseil-consultatif-de-la-jeunesse-300x153-1.png\" class=\"attachment-medium size-medium wp-post-image\" alt=\"\" loading=\"lazy\" srcset=\"https:\/\/linitiative.ca\/International\/wp-content\/uploads\/sites\/23\/2022\/08\/Conseil-consultatif-de-la-jeunesse-300x153-1.png 300w, https:\/\/aujourdhui.ma\/wp-content\/uploads\/2022\/08\/Conseil-consultatif-de-la-jeunesse-274x140.png 274w, https:\/\/aujourdhui.ma\/wp-content\/uploads\/2022\/08\/Conseil-consultatif-de-la-jeunesse.png 746w, https:\/\/aujourdhui.ma\/wp-content\/uploads\/2022\/08\/Conseil-consultatif-de-la-jeunesse-165x84.png 165w, https:\/\/aujourdhui.ma\/wp-content\/uploads\/2022\/08\/Conseil-consultatif-de-la-jeunesse-702x358.png 702w\" sizes=\"auto, (max-width: 300px) 100vw, 300px\"><\/p>\n<p><span style=\"color: #800000;\"><strong>C\u2019est une avanc\u00e9e majeure pour la jeunesse du pays. Le Conseil consultatif de la jeunesse est une institution qui va s\u2019occuper de toutes les questions relatives aux jeunes du pays.<\/strong><\/span><span id=\"more-415964\"><\/span><\/p>\n<p>Dans ce sens, la Constitution dispose dans son article 33 qu\u2019il \u00abincombe aux pouvoirs publics de prendre toutes les mesures appropri\u00e9es en vue de : \u00e9tendre et g\u00e9n\u00e9raliser la participation de la jeunesse au d\u00e9veloppement social, \u00e9conomique, culturel et politique du pays; aider les jeunes \u00e0 s\u2019ins\u00e9rer dans la vie active et associative et pr\u00eater assistance \u00e0 ceux en difficult\u00e9 d\u2019adaptation scolaire, sociale ou professionnelle ; faciliter l\u2019acc\u00e8s des jeunes \u00e0 la culture, \u00e0 la science, \u00e0 la technologie, \u00e0 l\u2019art, au sport et aux loisirs, tout en cr\u00e9ant les conditions propices au plein d\u00e9ploiement de leur potentiel cr\u00e9atif et innovant dans tous ces domaines. Il est cr\u00e9\u00e9 \u00e0 cet effet un Conseil consultatif de la jeunesse et de l\u2019action associative\u00bb.<\/p>\n<p>De m\u00eame, l\u2019article 170 dispose que \u00able Conseil de la jeunesse et de l\u2019action associative, cr\u00e9\u00e9 en vertu de l\u2019article 33, est une instance consultative dans les domaines de la protection de la jeunesse et de la promotion de la vie associative. Il est charg\u00e9 d\u2019\u00e9tudier et de suivre les questions int\u00e9ressant ces domaines et de formuler des propositions sur tout sujet d\u2019ordre \u00e9conomique, social et culturel int\u00e9ressant directement les jeunes et l\u2019action associative, ainsi que le d\u00e9veloppement des \u00e9nergies cr\u00e9atives de la jeunesse, et leur incitation \u00e0 la participation \u00e0 la vie nationale, dans un esprit de citoyennet\u00e9 responsable\u00bb.<\/p>\n<p><span style=\"color: #ff0000; font-size: 20px;\"><strong>Loi<\/strong><\/span><\/p>\n<p>C\u2019est en 2017 que le Parlement a adopt\u00e9 le projet de loi 89.15 relatif au Conseil consultatif de la jeunesse et de l\u2019action associative qui est compos\u00e9 de deux entit\u00e9s, celle charg\u00e9e de la promotion de la jeunesse et celle consacr\u00e9e \u00e0 l\u2019action associative. Le but des \u00e9lus de la nation \u00e0 \u00e9t\u00e9 de mettre en place un Conseil repr\u00e9sentatif de la jeunesse marocaine gr\u00e2ce \u00e0 une composition \u00e9largie.<\/p>\n<p>Concr\u00e8tement, huit membres sont ainsi d\u00e9sign\u00e9s par le Souverain (4 au sein de l\u2019entit\u00e9 charg\u00e9e des affaires de la jeunesse et 4 au sein de l\u2019entit\u00e9 charg\u00e9e de l\u2019action associative). Le chef du gouvernement d\u00e9signe quant \u00e0 lui six membres sur proposition des autorit\u00e9s publiques comp\u00e9tentes. Ils doivent occuper au moins le poste de directeur central ou un poste similaire (3 au sein de l\u2019entit\u00e9 charg\u00e9e des affaires de la jeunesse et 3 au sein de l\u2019entit\u00e9 charg\u00e9e de l\u2019action associative). Le chef du gouvernement d\u00e9signe, en outre, deux autres membres dont un parmi les jeunes MRE et un autre parmi les repr\u00e9sentants des associations des MRE. Enfin quatre membres au sein de l\u2019entit\u00e9 charg\u00e9e des affaires de la jeunesse sont choisis parmi les associations les plus actives (2 d\u00e9sign\u00e9s par le pr\u00e9sident de la Chambre des repr\u00e9sentants et 2 par le pr\u00e9sident de la Chambre des conseillers).<\/p>\n<p>Le Conseil \u00e9met principalement des avis sur toutes les questions qui lui sont soumises par SM le Roi, le gouvernement et les pr\u00e9sidents des deux Chambres.<br \/>\nLe Conseil a aussi comme pr\u00e9rogatives la contribution \u00e0 l\u2019\u00e9laboration des strat\u00e9gies mises en place par le gouvernement en mati\u00e8re de promotion des conditions de la jeunesse et du d\u00e9veloppement de l\u2019action associative, la r\u00e9alisation de recherches et d\u2019\u00e9tudes et la formulation de recommandations au profit des autorit\u00e9s comp\u00e9tentes pour la promotion des conditions des jeunes et de l\u2019action associative. Par ailleurs, le Conseil doit \u00e9laborer un rapport annuel des activit\u00e9s qu\u2019il doit soumettre \u00e0 Sa Majest\u00e9 le Roi.<\/p>\n<p>Le Conseil va identifier des pistes concernant tout sujet d\u2019ordre \u00e9conomique, social et culturel int\u00e9ressant directement les jeunes ainsi que le d\u00e9veloppement des \u00e9nergies cr\u00e9atives de la jeunesse, et leur incitation \u00e0 la participation \u00e0 la vie nationale, dans un esprit de citoyennet\u00e9 responsable.<\/p>\n<\/div>\n<p>Auteur: ALM<br \/>\n<a href=\"https:\/\/aujourdhui.ma\/societe\/conseil-consultatif-de-la-jeunesse-le-cadre-legal-finalise\">Cliquez ici pour lire l&rsquo;article depuis sa source.<\/a><\/p>\n","protected":false},"excerpt":{"rendered":"<p>C\u2019est une avanc\u00e9e majeure pour la jeunesse du pays. Le Conseil consultatif de la jeunesse est une institution qui va s\u2019occuper de toutes les questions relatives aux jeunes du pays. Dans ce sens, la Constitution dispose dans son article 33 qu\u2019il \u00abincombe aux pouvoirs publics de prendre toutes les mesures appropri\u00e9es en vue de : [&hellip;]<\/p>\n","protected":false},"author":1759,"featured_media":0,"comment_status":"closed","ping_status":"closed","sticky":false,"template":"","format":"standard","meta":{"fifu_image_url":"https:\/\/aujourdhui.ma\/wp-content\/uploads\/2022\/08\/Conseil-consultatif-de-la-jeunesse-300x153.png","fifu_image_alt":"Conseil consultatif de la jeunesse :  Le cadre l\u00e9gal finalis\u00e9","footnotes":""},"categories":[73,54],"tags":[],"class_list":["post-155368","post","type-post","status-publish","format-standard","hentry","category-actualite","category-maroc"],"_links":{"self":[{"href":"https:\/\/linitiative.ca\/International\/wp-json\/wp\/v2\/posts\/155368","targetHints":{"allow":["GET"]}}],"collection":[{"href":"https:\/\/linitiative.ca\/International\/wp-json\/wp\/v2\/posts"}],"about":[{"href":"https:\/\/linitiative.ca\/International\/wp-json\/wp\/v2\/types\/post"}],"author":[{"embeddable":true,"href":"https:\/\/linitiative.ca\/International\/wp-json\/wp\/v2\/users\/1759"}],"replies":[{"embeddable":true,"href":"https:\/\/linitiative.ca\/International\/wp-json\/wp\/v2\/comments?post=155368"}],"version-history":[{"count":0,"href":"https:\/\/linitiative.ca\/International\/wp-json\/wp\/v2\/posts\/155368\/revisions"}],"wp:attachment":[{"href":"https:\/\/linitiative.ca\/International\/wp-json\/wp\/v2\/media?parent=155368"}],"wp:term":[{"taxonomy":"category","embeddable":true,"href":"https:\/\/linitiative.ca\/International\/wp-json\/wp\/v2\/categories?post=155368"},{"taxonomy":"post_tag","embeddable":true,"href":"https:\/\/linitiative.ca\/International\/wp-json\/wp\/v2\/tags?post=155368"}],"curies":[{"name":"wp","href":"https:\/\/api.w.org\/{rel}","templated":true}]}}