{"id":155381,"date":"2022-08-20T10:05:00","date_gmt":"2022-08-20T14:05:00","guid":{"rendered":"https:\/\/linitiative.ca\/International\/fete-de-la-jeunesse-grace-royale-au-profit-de-588-personnes\/"},"modified":"2022-08-20T10:05:00","modified_gmt":"2022-08-20T14:05:00","slug":"fete-de-la-jeunesse-grace-royale-au-profit-de-588-personnes","status":"publish","type":"post","link":"https:\/\/linitiative.ca\/International\/fete-de-la-jeunesse-grace-royale-au-profit-de-588-personnes\/","title":{"rendered":"F\u00eate de la Jeunesse. Gr\u00e2ce Royale au profit de 588 personnes"},"content":{"rendered":"<div><img decoding=\"async\" width=\"637\" height=\"358\" src=\"https:\/\/linitiative.ca\/International\/wp-content\/uploads\/sites\/23\/2022\/08\/Roi-Mohammed-VI-Grace.png\" class=\"attachment-post-thumbnail size-post-thumbnail wp-post-image\" alt=\"\" loading=\"lazy\" srcset=\"https:\/\/linitiative.ca\/International\/wp-content\/uploads\/sites\/23\/2022\/08\/Roi-Mohammed-VI-Grace.png 637w, https:\/\/www.challenge.ma\/wp-content\/uploads\/2022\/08\/Roi-Mohammed-VI-Grace-300x169.png 300w, https:\/\/www.challenge.ma\/wp-content\/uploads\/2022\/08\/Roi-Mohammed-VI-Grace-360x202.png 360w\" sizes=\"auto, (max-width: 637px) 100vw, 637px\" itemprop=\"image\">A l\u2019occasion de la F\u00eate de la Jeunesse, Sa Majest\u00e9 le Roi Mohammed VI a bien voulu accorder Sa gr\u00e2ce \u00e0 588 personnes condamn\u00e9es par diff\u00e9rents tribunaux du Royaume, annonce le minist\u00e8re de la Justice dans un communiqu\u00e9. En voici le texte : \u00abA l\u2019occasion de la f\u00eate de la<\/div>\n<p>Auteur: David J\u00e9r\u00e9mie<br \/>\n<a href=\"https:\/\/www.challenge.ma\/fete-de-la-jeunesse-grace-royale-au-profit-de-588-personnes-243825\/\">Cliquez ici pour lire l&rsquo;article depuis sa source.<\/a><\/p>\n","protected":false},"excerpt":{"rendered":"<p>A l\u2019occasion de la F\u00eate de la Jeunesse, Sa Majest\u00e9 le Roi Mohammed VI a bien voulu accorder Sa gr\u00e2ce \u00e0 588 personnes condamn\u00e9es par diff\u00e9rents tribunaux du Royaume, annonce le minist\u00e8re de la Justice dans un communiqu\u00e9. En voici le texte : \u00abA l\u2019occasion de la f\u00eate de la Auteur: David J\u00e9r\u00e9mie Cliquez ici [&hellip;]<\/p>\n","protected":false},"author":1787,"featured_media":0,"comment_status":"closed","ping_status":"closed","sticky":false,"template":"","format":"standard","meta":{"fifu_image_url":"https:\/\/www.challenge.ma\/wp-content\/uploads\/2022\/08\/Roi-Mohammed-VI-Grace.png","fifu_image_alt":"F\u00eate de la Jeunesse. Gr\u00e2ce Royale au profit de 588 personnes","footnotes":""},"categories":[78,54],"tags":[],"class_list":["post-155381","post","type-post","status-publish","format-standard","hentry","category-economie","category-maroc"],"_links":{"self":[{"href":"https:\/\/linitiative.ca\/International\/wp-json\/wp\/v2\/posts\/155381","targetHints":{"allow":["GET"]}}],"collection":[{"href":"https:\/\/linitiative.ca\/International\/wp-json\/wp\/v2\/posts"}],"about":[{"href":"https:\/\/linitiative.ca\/International\/wp-json\/wp\/v2\/types\/post"}],"author":[{"embeddable":true,"href":"https:\/\/linitiative.ca\/International\/wp-json\/wp\/v2\/users\/1787"}],"replies":[{"embeddable":true,"href":"https:\/\/linitiative.ca\/International\/wp-json\/wp\/v2\/comments?post=155381"}],"version-history":[{"count":0,"href":"https:\/\/linitiative.ca\/International\/wp-json\/wp\/v2\/posts\/155381\/revisions"}],"wp:attachment":[{"href":"https:\/\/linitiative.ca\/International\/wp-json\/wp\/v2\/media?parent=155381"}],"wp:term":[{"taxonomy":"category","embeddable":true,"href":"https:\/\/linitiative.ca\/International\/wp-json\/wp\/v2\/categories?post=155381"},{"taxonomy":"post_tag","embeddable":true,"href":"https:\/\/linitiative.ca\/International\/wp-json\/wp\/v2\/tags?post=155381"}],"curies":[{"name":"wp","href":"https:\/\/api.w.org\/{rel}","templated":true}]}}